{"id":6374,"date":"2025-12-16T08:10:32","date_gmt":"2025-12-16T11:10:32","guid":{"rendered":"https:\/\/diarioelfederaense.com.ar\/?p=6374"},"modified":"2025-12-16T08:10:33","modified_gmt":"2025-12-16T11:10:33","slug":"numeros-moderados-en-las-termas-de-federacion-y-expectativas-de-repunte-para-las-fiestas","status":"publish","type":"post","link":"https:\/\/diarioelfederaense.com.ar\/?p=6374","title":{"rendered":"N\u00fameros moderados en las termas de Federaci\u00f3n y expectativas de repunte para las fiestas"},"content":{"rendered":"\n<p>El turismo en la ciudad de Federaci\u00f3n atraves\u00f3 un fin de semana con n\u00fameros moderados, una situaci\u00f3n que se presenta como habitual para esta etapa del a\u00f1o, marcada por la cercan\u00eda de las fiestas de Navidad y A\u00f1o Nuevo y a la espera del inicio formal de la temporada de verano.<\/p>\n\n\n\n<p><\/p>\n\n\n\n<p>Si bien el movimiento tur\u00edstico fue acotado, desde el sector destacan que los registros no resultan negativos si se los analiza en el contexto del calendario. Adem\u00e1s, se observa una tendencia que podr\u00eda comenzar a revertirse en los pr\u00f3ximos d\u00edas, ya que son varios los turistas que eligen Federaci\u00f3n para celebrar las fiestas de fin de a\u00f1o.<\/p>\n\n\n\n<p>Durante el \u00faltimo fin de semana, el Complejo Termal de Federaci\u00f3n registr\u00f3 ingresos moderados: el viernes ingresaron 729 personas, el s\u00e1bado 1.305 y el domingo 1.451, alcanzando un total de 3.485 visitantes. En cuanto a la ocupaci\u00f3n hotelera, se ubic\u00f3 en torno al 30 por ciento, un nivel que permite sostener la actividad en un destino que cuenta con unas 13.000 plazas disponibles.<\/p>\n\n\n\n<p>Expectativas para el verano<\/p>\n\n\n\n<p>Sobre las perspectivas de cara a la temporada estival, Adriana, propietaria del complejo hotelero Irup\u00e9, se refiri\u00f3 al panorama tur\u00edstico en di\u00e1logo con el programa Entre L\u00edneas de Radio UNO Federaci\u00f3n. La empresaria se\u00f1al\u00f3 que diciembre suele ser un mes tranquilo, especialmente en su primera parte, ya que muchas personas est\u00e1n enfocadas en despedidas, compromisos de fin de a\u00f1o y la organizaci\u00f3n de las vacaciones.<\/p>\n\n\n\n<p>Sin embargo, destac\u00f3 que en los \u00faltimos a\u00f1os creci\u00f3 notablemente la cantidad de turistas que eligen viajar durante Navidad y A\u00f1o Nuevo, una tendencia que genera expectativas positivas para el sector. \u201cCada vez hay m\u00e1s gente que viene para fin de a\u00f1o, principalmente para A\u00f1o Nuevo, pero tambi\u00e9n para Navidad\u201d, explic\u00f3.<\/p>\n\n\n\n<p>En cuanto al perfil del visitante, Adriana remarc\u00f3 que el turismo cambi\u00f3 en los \u00faltimos tiempos. Si bien hist\u00f3ricamente el verano era una etapa dominada por el turista individual, actualmente se observa un crecimiento de los viajes en grupo y excursiones organizadas. \u201cLa gente se vuelca mucho al tour, a salir en grupo y a que le organicen todo\u201d, se\u00f1al\u00f3, lo que llev\u00f3 a los hoteles a adaptarse y combinar contingentes con hu\u00e9spedes individuales.<\/p>\n\n\n\n<p>Respecto a las reservas, indic\u00f3 que todav\u00eda no hay n\u00fameros concretos para el verano, ya que las modalidades de viaje cambiaron y las decisiones se toman cada vez m\u00e1s sobre la marcha. \u201cAntes desde octubre ya se reservaba para el verano. Hoy la gente viaja por per\u00edodos m\u00e1s cortos y con mayor frecuencia durante el a\u00f1o\u201d, explic\u00f3.<\/p>\n\n\n\n<p>Finalmente, sostuvo que si bien a\u00fan no hay certezas, las consultas comenzaron a incrementarse a trav\u00e9s de distintos canales como WhatsApp, mail y tel\u00e9fono. \u201cEl tel\u00e9fono suena y hay consultas, lo que es una buena se\u00f1al\u201d, concluy\u00f3, dejando abierta la expectativa de una temporada que podr\u00eda ir tomando forma en las pr\u00f3ximas semanas.<\/p>\n\n\n\n<p><\/p>\n\n\n\n<p>7paginas<\/p>\n","protected":false},"excerpt":{"rendered":"<p>El turismo en la ciudad de Federaci\u00f3n atraves\u00f3 un fin de semana con n\u00fameros moderados, una situaci\u00f3n que se presenta como habitual para esta etapa del a\u00f1o, marcada por la cercan\u00eda de las fiestas de Navidad y A\u00f1o Nuevo y a la espera del inicio formal de la temporada de verano. Si bien el movimiento [&hellip;]<\/p>\n","protected":false},"author":2,"featured_media":6375,"comment_status":"closed","ping_status":"closed","sticky":false,"template":"","format":"standard","meta":{"_et_pb_use_builder":"","_et_pb_old_content":"","footnotes":""},"categories":[1],"tags":[],"class_list":["post-6374","post","type-post","status-publish","format-standard","has-post-thumbnail","hentry","category-sin-categoria"],"_links":{"self":[{"href":"https:\/\/diarioelfederaense.com.ar\/index.php?rest_route=\/wp\/v2\/posts\/6374"}],"collection":[{"href":"https:\/\/diarioelfederaense.com.ar\/index.php?rest_route=\/wp\/v2\/posts"}],"about":[{"href":"https:\/\/diarioelfederaense.com.ar\/index.php?rest_route=\/wp\/v2\/types\/post"}],"author":[{"embeddable":true,"href":"https:\/\/diarioelfederaense.com.ar\/index.php?rest_route=\/wp\/v2\/users\/2"}],"replies":[{"embeddable":true,"href":"https:\/\/diarioelfederaense.com.ar\/index.php?rest_route=%2Fwp%2Fv2%2Fcomments&post=6374"}],"version-history":[{"count":1,"href":"https:\/\/diarioelfederaense.com.ar\/index.php?rest_route=\/wp\/v2\/posts\/6374\/revisions"}],"predecessor-version":[{"id":6376,"href":"https:\/\/diarioelfederaense.com.ar\/index.php?rest_route=\/wp\/v2\/posts\/6374\/revisions\/6376"}],"wp:featuredmedia":[{"embeddable":true,"href":"https:\/\/diarioelfederaense.com.ar\/index.php?rest_route=\/wp\/v2\/media\/6375"}],"wp:attachment":[{"href":"https:\/\/diarioelfederaense.com.ar\/index.php?rest_route=%2Fwp%2Fv2%2Fmedia&parent=6374"}],"wp:term":[{"taxonomy":"category","embeddable":true,"href":"https:\/\/diarioelfederaense.com.ar\/index.php?rest_route=%2Fwp%2Fv2%2Fcategories&post=6374"},{"taxonomy":"post_tag","embeddable":true,"href":"https:\/\/diarioelfederaense.com.ar\/index.php?rest_route=%2Fwp%2Fv2%2Ftags&post=6374"}],"curies":[{"name":"wp","href":"https:\/\/api.w.org\/{rel}","templated":true}]}}