{"id":6371,"date":"2025-12-15T16:17:02","date_gmt":"2025-12-15T19:17:02","guid":{"rendered":"https:\/\/diarioelfederaense.com.ar\/?p=6371"},"modified":"2025-12-15T16:17:02","modified_gmt":"2025-12-15T19:17:02","slug":"upcn-entre-rios-rechaza-de-plano-la-reforma-laboral-y-convoca-a-una-masiva-movilizacion-para-este-jueves","status":"publish","type":"post","link":"https:\/\/diarioelfederaense.com.ar\/?p=6371","title":{"rendered":"UPCN Entre R\u00edos rechaza de plano la reforma laboral y convoca a una masiva movilizaci\u00f3n para este jueves"},"content":{"rendered":"\n<p><a><\/a>UPCN expres\u00f3 su repudio al proyecto de reforma laboral que impulsa el gobierno nacional, a la que consider\u00f3 \u00abpeligroso\u00bb y sostuvo que marca un \u00abretroceso hist\u00f3rico\u00bb. \u00abRechazamos de plano este ataque y reafirmamos nuestro compromiso con la defensa del trabajo digno, la negociaci\u00f3n colectiva, la organizaci\u00f3n sindical y la justicia social\u00bb, subray\u00f3 el sindicato. Adem\u00e1s anunci\u00f3 que se movilizar\u00e1 \u00aben forma masiva y desde todos los lugares de la provincia\u00bb a la marcha que convoca la CGT.<\/p>\n\n\n\n<p>\u00abEl proyecto de \u2018Modernizaci\u00f3n Laboral\u2019 que impulsa el Poder Ejecutivo no es una simple reforma: es un ataque directo a las trabajadoras y los trabajadores de la Argentina. Es un retroceso hist\u00f3rico que pretende desmontar de un solo golpe derechos que nuestro pueblo gan\u00f3 con d\u00e9cadas de organizaci\u00f3n, lucha y sacrificio\u00bb, cuestion\u00f3 UPCN Entre R\u00edos en un comunicado.<\/p>\n\n\n\n<p>Advirti\u00f3 que \u00aba contramano de la Constituci\u00f3n, del art\u00edculo 14 bis y de todos los tratados internacionales que protegen el trabajo digno, el Gobierno quiere barrer con los pilares del derecho laboral: el principio protectorio, la estabilidad, la negociaci\u00f3n colectiva y la libertad sindical. Quieren desarmar el equilibrio entre el poder econ\u00f3mico y quienes vivimos de nuestro esfuerzo cotidiano\u00bb.<\/p>\n\n\n\n<p>\u00abFiel al estilo de quienes deciden en contra del pueblo, intentan avanzar a fin de a\u00f1o y a las apuradas con un proyecto que abre la puerta a la precarizaci\u00f3n masiva: contratos sin relaci\u00f3n de dependencia, m\u00e1s monotributo encubierto, menos responsabilidad de las empresas que tercerizan y una presunci\u00f3n de laboralidad debilitada que deja a millones a merced del abuso patronal. Es la pesadilla de cualquier trabajador\u00bb, alert\u00f3.<\/p>\n\n\n\n<p>\u00abEl objetivo es claro: desarmar el modelo sindical argentino, reconocido por la OIT y respetado en el mundo. Buscan que los convenios colectivos dejen de regir cuando vencen y que una herramienta tan importante como la huelga quede totalmente condicionada\u00bb, se\u00f1al\u00f3 m\u00e1s adelante. Y remarc\u00f3: \u00abNos quieren dejar sin garant\u00edas: convenios que pueden desaparecer, despidos m\u00e1s f\u00e1ciles, menos derechos y sindicatos con menos herramientas para defender a quienes representamos\u00bb.<\/p>\n\n\n\n<p>\u00abComo representantes de los trabajadores del sector p\u00fablico pero con conciencia de que se afectar\u00e1 a todos los sectores, rechazamos de plano este ataque, y reafirmamos nuestro compromiso con la defensa del trabajo digno, de la negociaci\u00f3n colectiva, de la organizaci\u00f3n sindical y de la justicia social\u00bb, remarc\u00f3 el sindicato.<\/p>\n\n\n\n<p>En el mismo sentido asever\u00f3: \u00abEstamos en alerta y en lucha. No vamos a entregar derechos. No vamos a retroceder porque sabemos que la \u00fanica modernizaci\u00f3n posible es aquella que ampl\u00eda oportunidades, mejora la vida del pueblo y fortalece la democracia laboral\u00bb.<\/p>\n\n\n\n<p>Por \u00faltimo, anunci\u00f3: \u00abPor todos estos motivos nuestra Seccional va a movilizar masivamente, desde todos los lugares de la provincia, a la marcha que convoca la CGT en apoyo a todos los trabajadores y trabajadoras de Argentina\u00bb.<\/p>\n","protected":false},"excerpt":{"rendered":"<p>UPCN expres\u00f3 su repudio al proyecto de reforma laboral que impulsa el gobierno nacional, a la que consider\u00f3 \u00abpeligroso\u00bb y sostuvo que marca un \u00abretroceso hist\u00f3rico\u00bb. \u00abRechazamos de plano este ataque y reafirmamos nuestro compromiso con la defensa del trabajo digno, la negociaci\u00f3n colectiva, la organizaci\u00f3n sindical y la justicia social\u00bb, subray\u00f3 el sindicato. Adem\u00e1s [&hellip;]<\/p>\n","protected":false},"author":2,"featured_media":6372,"comment_status":"closed","ping_status":"closed","sticky":false,"template":"","format":"standard","meta":{"_et_pb_use_builder":"","_et_pb_old_content":"","footnotes":""},"categories":[1],"tags":[],"class_list":["post-6371","post","type-post","status-publish","format-standard","has-post-thumbnail","hentry","category-sin-categoria"],"_links":{"self":[{"href":"https:\/\/diarioelfederaense.com.ar\/index.php?rest_route=\/wp\/v2\/posts\/6371"}],"collection":[{"href":"https:\/\/diarioelfederaense.com.ar\/index.php?rest_route=\/wp\/v2\/posts"}],"about":[{"href":"https:\/\/diarioelfederaense.com.ar\/index.php?rest_route=\/wp\/v2\/types\/post"}],"author":[{"embeddable":true,"href":"https:\/\/diarioelfederaense.com.ar\/index.php?rest_route=\/wp\/v2\/users\/2"}],"replies":[{"embeddable":true,"href":"https:\/\/diarioelfederaense.com.ar\/index.php?rest_route=%2Fwp%2Fv2%2Fcomments&post=6371"}],"version-history":[{"count":1,"href":"https:\/\/diarioelfederaense.com.ar\/index.php?rest_route=\/wp\/v2\/posts\/6371\/revisions"}],"predecessor-version":[{"id":6373,"href":"https:\/\/diarioelfederaense.com.ar\/index.php?rest_route=\/wp\/v2\/posts\/6371\/revisions\/6373"}],"wp:featuredmedia":[{"embeddable":true,"href":"https:\/\/diarioelfederaense.com.ar\/index.php?rest_route=\/wp\/v2\/media\/6372"}],"wp:attachment":[{"href":"https:\/\/diarioelfederaense.com.ar\/index.php?rest_route=%2Fwp%2Fv2%2Fmedia&parent=6371"}],"wp:term":[{"taxonomy":"category","embeddable":true,"href":"https:\/\/diarioelfederaense.com.ar\/index.php?rest_route=%2Fwp%2Fv2%2Fcategories&post=6371"},{"taxonomy":"post_tag","embeddable":true,"href":"https:\/\/diarioelfederaense.com.ar\/index.php?rest_route=%2Fwp%2Fv2%2Ftags&post=6371"}],"curies":[{"name":"wp","href":"https:\/\/api.w.org\/{rel}","templated":true}]}}