{"id":6365,"date":"2025-12-15T10:03:32","date_gmt":"2025-12-15T13:03:32","guid":{"rendered":"https:\/\/diarioelfederaense.com.ar\/?p=6365"},"modified":"2025-12-15T10:03:33","modified_gmt":"2025-12-15T13:03:33","slug":"le-sirve-a-entre-rios-que-frigerio-sea-un-aplaudidor-de-milei","status":"publish","type":"post","link":"https:\/\/diarioelfederaense.com.ar\/?p=6365","title":{"rendered":"\u00bfLE SIRVE A ENTRE R\u00cdOS QUE FRIGERIO SEA UN APLAUDIDOR DE MILEI?"},"content":{"rendered":"\n<p>Reparto de ATN: en 2024 Entre R\u00edos recibi\u00f3 $12 mil millones e igualmente qued\u00f3 debajo de Salta, Neuqu\u00e9n y <a><\/a>Tucum\u00e1n<\/p>\n\n\n\n<p>La Naci\u00f3n report\u00f3 este viernes que hubo un giro de Aportes del Tesoro Nacional (ATN) a Tucum\u00e1n que coloc\u00f3 a esa provincia como la m\u00e1s beneficiada en 2024 por la Casa Rosada. \u201cEl giro se da despu\u00e9s de un noviembre en el que no hubo aportes y en medio de la b\u00fasqueda de votos para el presupuesto 2026\u201d, public\u00f3 el matutino en su versi\u00f3n web.<\/p>\n\n\n\n<p>\u201cCon tres diputados y un senador que act\u00faan alineados con el gobernador Osvaldo Jaldo, Tucum\u00e1n recibi\u00f3 $20.000 millones de Aportes del Tesoro de la Naci\u00f3n (ATN). Es el mayor monto individual dado en toda la gesti\u00f3n de Javier Milei, superando a la provincia que m\u00e1s recibi\u00f3 en el acumulado del a\u00f1o, que fue Neuqu\u00e9n con $ 18.000 millones\u201d, se subray\u00f3 en el informe que firma la periodista Gabriela Origlia.<\/p>\n\n\n\n<p>Seg\u00fan se inform\u00f3, la decisi\u00f3n \u201cfue interpretada como una se\u00f1al de que esos fondos podr\u00edan usarse en las negociaciones con los gobernadores para conseguir el apoyo al presupuesto 2026 y, despu\u00e9s, para la reforma laboral\u201d. El domingo pasado ese medio adelant\u00f3 que las remesas de ATN son la estrategia que baraja la Casa Rosada para lograr apoyo legislativo.<\/p>\n\n\n\n<p>Seg\u00fan La Naci\u00f3n, un listado sobre la ejecuci\u00f3n del Fondo de ATN acumulada, de enero a noviembre, \u00abalcanz\u00f3 los $131.500 millones (pagados), distribuidos entre Neuqu\u00e9n con $18.000 millones; Tucum\u00e1n, $15.000 millones; Salta $13.000 millones; Entre R\u00edos y Santa Fe $12.000 millones cada una; Buenos Aires $10.000 millones, y Santa Cruz, $8.000 millones\u00bb.<\/p>\n\n\n\n<p>\u00abCon $7.000 millones cada una se enlistan Catamarca, Misiones, Chaco y Chubut; sigue San Juan, con $6.000 millones; R\u00edo Negro, con $5.000 millones; Mendoza, con $3.000 millones y Corrientes, con $1.500 millones\u00bb, se enumer\u00f3.<\/p>\n\n\n\n<p>Se especific\u00f3 despu\u00e9s que \u00abel Fondo ATN totaliz\u00f3 en este mismo per\u00edodo $860.115 millones, por lo que la ejecuci\u00f3n es del 15,3% en los 11 meses del a\u00f1o, ubic\u00e1ndose por encima de igual per\u00edodo del 2024 (8,1%), aunque por debajo de 2023 (25,1%), 2022 (23,9%) y 2021 (57,9%), entre otros. De este modo, el Fondo ATN tiene un remanente sin ejecutar en este 2025, en moneda corriente, de $728.615 millones\u00bb.<\/p>\n\n\n\n<p>Al contextualizar la distribuci\u00f3n de dinero que realiza el Gobierno de Javier Milei, se analiz\u00f3 que \u00abla ley de ATN, junto con la nueva distribuci\u00f3n del impuesto a los combustibles l\u00edquidos, logr\u00f3 consenso entre los gobernadores porque no tiene impacto en el super\u00e1vit fiscal. Sin embargo, fueron rechazados por el presidente Milei. En la etapa abierta despu\u00e9s de las elecciones, no se avanz\u00f3 sobre ese punto, que tampoco est\u00e1 contemplado en el proyecto de presupuesto que ingres\u00f3 al Congreso\u00bb.<\/p>\n\n\n\n<p>\u00abSantilli se reuni\u00f3 con la mayor\u00eda de los gobernadores; con algunos, incluso, m\u00e1s de una vez. Siguen sin estar en agenda los kirchneristas. Desde las dos partes insisten en que hay clima de di\u00e1logo, que cambi\u00f3 la actitud de la Naci\u00f3n, pero lo que esperan las provincias es que aparezcan fondos\u00bb.<\/p>\n","protected":false},"excerpt":{"rendered":"<p>Reparto de ATN: en 2024 Entre R\u00edos recibi\u00f3 $12 mil millones e igualmente qued\u00f3 debajo de Salta, Neuqu\u00e9n y Tucum\u00e1n La Naci\u00f3n report\u00f3 este viernes que hubo un giro de Aportes del Tesoro Nacional (ATN) a Tucum\u00e1n que coloc\u00f3 a esa provincia como la m\u00e1s beneficiada en 2024 por la Casa Rosada. \u201cEl giro se [&hellip;]<\/p>\n","protected":false},"author":2,"featured_media":6366,"comment_status":"closed","ping_status":"closed","sticky":false,"template":"","format":"standard","meta":{"_et_pb_use_builder":"","_et_pb_old_content":"","footnotes":""},"categories":[1],"tags":[],"class_list":["post-6365","post","type-post","status-publish","format-standard","has-post-thumbnail","hentry","category-sin-categoria"],"_links":{"self":[{"href":"https:\/\/diarioelfederaense.com.ar\/index.php?rest_route=\/wp\/v2\/posts\/6365"}],"collection":[{"href":"https:\/\/diarioelfederaense.com.ar\/index.php?rest_route=\/wp\/v2\/posts"}],"about":[{"href":"https:\/\/diarioelfederaense.com.ar\/index.php?rest_route=\/wp\/v2\/types\/post"}],"author":[{"embeddable":true,"href":"https:\/\/diarioelfederaense.com.ar\/index.php?rest_route=\/wp\/v2\/users\/2"}],"replies":[{"embeddable":true,"href":"https:\/\/diarioelfederaense.com.ar\/index.php?rest_route=%2Fwp%2Fv2%2Fcomments&post=6365"}],"version-history":[{"count":1,"href":"https:\/\/diarioelfederaense.com.ar\/index.php?rest_route=\/wp\/v2\/posts\/6365\/revisions"}],"predecessor-version":[{"id":6367,"href":"https:\/\/diarioelfederaense.com.ar\/index.php?rest_route=\/wp\/v2\/posts\/6365\/revisions\/6367"}],"wp:featuredmedia":[{"embeddable":true,"href":"https:\/\/diarioelfederaense.com.ar\/index.php?rest_route=\/wp\/v2\/media\/6366"}],"wp:attachment":[{"href":"https:\/\/diarioelfederaense.com.ar\/index.php?rest_route=%2Fwp%2Fv2%2Fmedia&parent=6365"}],"wp:term":[{"taxonomy":"category","embeddable":true,"href":"https:\/\/diarioelfederaense.com.ar\/index.php?rest_route=%2Fwp%2Fv2%2Fcategories&post=6365"},{"taxonomy":"post_tag","embeddable":true,"href":"https:\/\/diarioelfederaense.com.ar\/index.php?rest_route=%2Fwp%2Fv2%2Ftags&post=6365"}],"curies":[{"name":"wp","href":"https:\/\/api.w.org\/{rel}","templated":true}]}}