{"id":6362,"date":"2025-12-15T09:51:47","date_gmt":"2025-12-15T12:51:47","guid":{"rendered":"https:\/\/diarioelfederaense.com.ar\/?p=6362"},"modified":"2025-12-15T09:51:48","modified_gmt":"2025-12-15T12:51:48","slug":"el-entrerriano-lopez-fue-designado-en-una-de-las-secretarias-de-la-nueva-conduccion-nacional-de-la-ucr","status":"publish","type":"post","link":"https:\/\/diarioelfederaense.com.ar\/?p=6362","title":{"rendered":"El entrerriano L\u00f3pez fue designado en una de las Secretar\u00edas de la nueva conducci\u00f3n nacional de la UCR"},"content":{"rendered":"\n<p><a><\/a>En el marco de las elecci\u00f3n de la nueva conducci\u00f3n nacional de la Uni\u00f3n C\u00edvica Radical, realizado en la tarde de este viernes en la hist\u00f3rica sede partidaria de calle Alsina 1786, el diputado entrerriano Marcelo Alcides L\u00f3pez fue elegido para estar al frente de una de las secretar\u00edas que integran la mesa ampliada del Comit\u00e9 Nacional.<\/p>\n\n\n\n<p>El legislador concordiense asume as\u00ed una nueva responsabilidad partidaria en el cuerpo que tendr\u00e1 como objetivo conducir los destinos del radicalismo hasta 2027.<\/p>\n\n\n\n<p>L\u00f3pez es titular del Bloque de Juntos por Entre R\u00edos en la C\u00e1mara de Diputados de la Provincia, donde adem\u00e1s preside la Comisi\u00f3n de Legislaci\u00f3n General.<\/p>\n\n\n\n<p>Cabe destacar que como nuevo presidente del Comit\u00e9 Nacional de la UCR fue elegido Leonel Chiarella, actual intendente de la localidad santafesina de Venado Tuerto, quien reemplaza en el cargo al presidente saliente Mart\u00edn Lousteau.<\/p>\n","protected":false},"excerpt":{"rendered":"<p>En el marco de las elecci\u00f3n de la nueva conducci\u00f3n nacional de la Uni\u00f3n C\u00edvica Radical, realizado en la tarde de este viernes en la hist\u00f3rica sede partidaria de calle Alsina 1786, el diputado entrerriano Marcelo Alcides L\u00f3pez fue elegido para estar al frente de una de las secretar\u00edas que integran la mesa ampliada del [&hellip;]<\/p>\n","protected":false},"author":2,"featured_media":6363,"comment_status":"closed","ping_status":"closed","sticky":false,"template":"","format":"standard","meta":{"_et_pb_use_builder":"","_et_pb_old_content":"","footnotes":""},"categories":[1],"tags":[],"class_list":["post-6362","post","type-post","status-publish","format-standard","has-post-thumbnail","hentry","category-sin-categoria"],"_links":{"self":[{"href":"https:\/\/diarioelfederaense.com.ar\/index.php?rest_route=\/wp\/v2\/posts\/6362"}],"collection":[{"href":"https:\/\/diarioelfederaense.com.ar\/index.php?rest_route=\/wp\/v2\/posts"}],"about":[{"href":"https:\/\/diarioelfederaense.com.ar\/index.php?rest_route=\/wp\/v2\/types\/post"}],"author":[{"embeddable":true,"href":"https:\/\/diarioelfederaense.com.ar\/index.php?rest_route=\/wp\/v2\/users\/2"}],"replies":[{"embeddable":true,"href":"https:\/\/diarioelfederaense.com.ar\/index.php?rest_route=%2Fwp%2Fv2%2Fcomments&post=6362"}],"version-history":[{"count":1,"href":"https:\/\/diarioelfederaense.com.ar\/index.php?rest_route=\/wp\/v2\/posts\/6362\/revisions"}],"predecessor-version":[{"id":6364,"href":"https:\/\/diarioelfederaense.com.ar\/index.php?rest_route=\/wp\/v2\/posts\/6362\/revisions\/6364"}],"wp:featuredmedia":[{"embeddable":true,"href":"https:\/\/diarioelfederaense.com.ar\/index.php?rest_route=\/wp\/v2\/media\/6363"}],"wp:attachment":[{"href":"https:\/\/diarioelfederaense.com.ar\/index.php?rest_route=%2Fwp%2Fv2%2Fmedia&parent=6362"}],"wp:term":[{"taxonomy":"category","embeddable":true,"href":"https:\/\/diarioelfederaense.com.ar\/index.php?rest_route=%2Fwp%2Fv2%2Fcategories&post=6362"},{"taxonomy":"post_tag","embeddable":true,"href":"https:\/\/diarioelfederaense.com.ar\/index.php?rest_route=%2Fwp%2Fv2%2Ftags&post=6362"}],"curies":[{"name":"wp","href":"https:\/\/api.w.org\/{rel}","templated":true}]}}