{"id":6359,"date":"2025-12-15T09:07:27","date_gmt":"2025-12-15T12:07:27","guid":{"rendered":"https:\/\/diarioelfederaense.com.ar\/?p=6359"},"modified":"2025-12-15T09:07:28","modified_gmt":"2025-12-15T12:07:28","slug":"se-le-ablando-el-corazon-ypf-anuncio-que-la-nafta-bajara-en-promedio-un-2-esta-semana","status":"publish","type":"post","link":"https:\/\/diarioelfederaense.com.ar\/?p=6359","title":{"rendered":"SE LE ABLANDO EL CORAZ\u00d3N; YPF anunci\u00f3 que la nafta bajar\u00e1 en promedio un 2% esta semana"},"content":{"rendered":"\n<p><a><\/a>Despu\u00e9s de llevar la nafta super de 1.500 a 1.730 en 2 meses, YPF inform\u00f3 que esta semana los precios de la nafta registrar\u00e1n una baja promedio del 2% en todo el pa\u00eds. El anuncio fue realizado por el presidente y CEO de la compa\u00f1\u00eda, Horacio Mar\u00edn, quien explic\u00f3 que la medida responde a la din\u00e1mica del mercado y que los ajustes no se aplicar\u00e1n de manera uniforme en todas las regiones.<\/p>\n","protected":false},"excerpt":{"rendered":"<p>Despu\u00e9s de llevar la nafta super de 1.500 a 1.730 en 2 meses, YPF inform\u00f3 que esta semana los precios de la nafta registrar\u00e1n una baja promedio del 2% en todo el pa\u00eds. El anuncio fue realizado por el presidente y CEO de la compa\u00f1\u00eda, Horacio Mar\u00edn, quien explic\u00f3 que la medida responde a la [&hellip;]<\/p>\n","protected":false},"author":2,"featured_media":6360,"comment_status":"closed","ping_status":"closed","sticky":false,"template":"","format":"standard","meta":{"_et_pb_use_builder":"","_et_pb_old_content":"","footnotes":""},"categories":[1],"tags":[],"class_list":["post-6359","post","type-post","status-publish","format-standard","has-post-thumbnail","hentry","category-sin-categoria"],"_links":{"self":[{"href":"https:\/\/diarioelfederaense.com.ar\/index.php?rest_route=\/wp\/v2\/posts\/6359"}],"collection":[{"href":"https:\/\/diarioelfederaense.com.ar\/index.php?rest_route=\/wp\/v2\/posts"}],"about":[{"href":"https:\/\/diarioelfederaense.com.ar\/index.php?rest_route=\/wp\/v2\/types\/post"}],"author":[{"embeddable":true,"href":"https:\/\/diarioelfederaense.com.ar\/index.php?rest_route=\/wp\/v2\/users\/2"}],"replies":[{"embeddable":true,"href":"https:\/\/diarioelfederaense.com.ar\/index.php?rest_route=%2Fwp%2Fv2%2Fcomments&post=6359"}],"version-history":[{"count":1,"href":"https:\/\/diarioelfederaense.com.ar\/index.php?rest_route=\/wp\/v2\/posts\/6359\/revisions"}],"predecessor-version":[{"id":6361,"href":"https:\/\/diarioelfederaense.com.ar\/index.php?rest_route=\/wp\/v2\/posts\/6359\/revisions\/6361"}],"wp:featuredmedia":[{"embeddable":true,"href":"https:\/\/diarioelfederaense.com.ar\/index.php?rest_route=\/wp\/v2\/media\/6360"}],"wp:attachment":[{"href":"https:\/\/diarioelfederaense.com.ar\/index.php?rest_route=%2Fwp%2Fv2%2Fmedia&parent=6359"}],"wp:term":[{"taxonomy":"category","embeddable":true,"href":"https:\/\/diarioelfederaense.com.ar\/index.php?rest_route=%2Fwp%2Fv2%2Fcategories&post=6359"},{"taxonomy":"post_tag","embeddable":true,"href":"https:\/\/diarioelfederaense.com.ar\/index.php?rest_route=%2Fwp%2Fv2%2Ftags&post=6359"}],"curies":[{"name":"wp","href":"https:\/\/api.w.org\/{rel}","templated":true}]}}