{"id":6356,"date":"2025-12-15T08:29:00","date_gmt":"2025-12-15T11:29:00","guid":{"rendered":"https:\/\/diarioelfederaense.com.ar\/?p=6356"},"modified":"2025-12-15T08:29:01","modified_gmt":"2025-12-15T11:29:01","slug":"alquileres-turisticos-el-verano-2026-arranca-con-reservas-que-oscilan-entre-el-60-y-el-80-en-el-pais","status":"publish","type":"post","link":"https:\/\/diarioelfederaense.com.ar\/?p=6356","title":{"rendered":"Alquileres tur\u00edsticos: el verano 2026 arranca con reservas que oscilan entre el 60 y el 80% en el pa\u00eds"},"content":{"rendered":"\n<p><a><\/a>Los alquileres tur\u00edsticos para el verano 2026 ya muestran un escenario de alta demanda en Argentina, con niveles de reservas anticipadas que oscilan entre el 60% y el 80% seg\u00fan el destino, impulsados por el turismo interno y la preferencia por casas y departamentos.<\/p>\n\n\n\n<p>Los alquileres tur\u00edsticos en Argentina se perfilan como uno de los grandes protagonistas del verano 2026. A varios meses del inicio de la temporada alta, los principales destinos del pa\u00eds ya confirman niveles de reservas concretas que van del 60% al 80% para enero, una cifra que anticipa un intenso movimiento de turismo interno.<\/p>\n\n\n\n<p>En Federaci\u00f3n las reservas son dispares, con una mayor demanda para el comienzo de enero cunado se realizar\u00e1 la Fiesta Nacional del Lago,<\/p>\n\n\n\n<p>El fen\u00f3meno se explica por una combinaci\u00f3n de factores: mayor planificaci\u00f3n por parte de los viajeros, preferencia por unidades independientes \u2014casas y departamentos\u2014, estad\u00edas medias que superan la semana y una b\u00fasqueda sostenida de amenities. Operadores inmobiliarios y tur\u00edsticos coinciden en que las consultas superan a las del a\u00f1o pasado, incluso en destinos tradicionalmente cautos.<\/p>\n\n\n\n<p>Este escenario se replica en la costa atl\u00e1ntica, las sierras, el norte argentino y la Patagonia, con comportamientos diversos en precios y modalidades de contrataci\u00f3n, pero con un denominador com\u00fan: el alquiler tur\u00edstico vuelve a posicionarse como la opci\u00f3n m\u00e1s elegida para las vacaciones de verano.<\/p>\n\n\n\n<p>Mar del Plata y Pinamar: se\u00f1ales firmes en la Costa Atl\u00e1ntica<\/p>\n\n\n\n<p>En Mar del Plata, la evoluci\u00f3n de los alquileres tur\u00edsticos se mantiene en niveles similares a los del verano pasado, aunque con expectativas de mayor ocupaci\u00f3n. Guillermo Rossi, presidente del Colegio de Martilleros local, explic\u00f3 que los valores sugeridos se ajustaron un 25% interanual, con tarifas desde $70.000 para departamentos de dos ambientes y desde $120.000 para chalets, dependiendo de la ubicaci\u00f3n.<\/p>\n\n\n\n<p>Las zonas cercanas al mar, el centro, el norte y el sur de la ciudad concentran la mayor demanda, con un perfil familiar predominante. Rossi insisti\u00f3 en la importancia de contratar a trav\u00e9s de profesionales matriculados para evitar estafas, una advertencia recurrente en temporada alta.<\/p>\n\n\n\n<p>En Pinamar, el comportamiento es m\u00e1s cauteloso. Seg\u00fan Mat\u00edas Melia, CEO de Century 21 Torreblanca, enero se encamina a ser fuerte, mientras que febrero presenta mayor sensibilidad. La demanda se caracteriza por cierres de \u00faltimo momento y estad\u00edas m\u00e1s cortas, con precios diarios que van desde los $65.000 hasta valores premium superiores a los $300.000.<\/p>\n","protected":false},"excerpt":{"rendered":"<p>Los alquileres tur\u00edsticos para el verano 2026 ya muestran un escenario de alta demanda en Argentina, con niveles de reservas anticipadas que oscilan entre el 60% y el 80% seg\u00fan el destino, impulsados por el turismo interno y la preferencia por casas y departamentos. Los alquileres tur\u00edsticos en Argentina se perfilan como uno de los [&hellip;]<\/p>\n","protected":false},"author":2,"featured_media":6357,"comment_status":"closed","ping_status":"closed","sticky":false,"template":"","format":"standard","meta":{"_et_pb_use_builder":"","_et_pb_old_content":"","footnotes":""},"categories":[1],"tags":[],"class_list":["post-6356","post","type-post","status-publish","format-standard","has-post-thumbnail","hentry","category-sin-categoria"],"_links":{"self":[{"href":"https:\/\/diarioelfederaense.com.ar\/index.php?rest_route=\/wp\/v2\/posts\/6356"}],"collection":[{"href":"https:\/\/diarioelfederaense.com.ar\/index.php?rest_route=\/wp\/v2\/posts"}],"about":[{"href":"https:\/\/diarioelfederaense.com.ar\/index.php?rest_route=\/wp\/v2\/types\/post"}],"author":[{"embeddable":true,"href":"https:\/\/diarioelfederaense.com.ar\/index.php?rest_route=\/wp\/v2\/users\/2"}],"replies":[{"embeddable":true,"href":"https:\/\/diarioelfederaense.com.ar\/index.php?rest_route=%2Fwp%2Fv2%2Fcomments&post=6356"}],"version-history":[{"count":1,"href":"https:\/\/diarioelfederaense.com.ar\/index.php?rest_route=\/wp\/v2\/posts\/6356\/revisions"}],"predecessor-version":[{"id":6358,"href":"https:\/\/diarioelfederaense.com.ar\/index.php?rest_route=\/wp\/v2\/posts\/6356\/revisions\/6358"}],"wp:featuredmedia":[{"embeddable":true,"href":"https:\/\/diarioelfederaense.com.ar\/index.php?rest_route=\/wp\/v2\/media\/6357"}],"wp:attachment":[{"href":"https:\/\/diarioelfederaense.com.ar\/index.php?rest_route=%2Fwp%2Fv2%2Fmedia&parent=6356"}],"wp:term":[{"taxonomy":"category","embeddable":true,"href":"https:\/\/diarioelfederaense.com.ar\/index.php?rest_route=%2Fwp%2Fv2%2Fcategories&post=6356"},{"taxonomy":"post_tag","embeddable":true,"href":"https:\/\/diarioelfederaense.com.ar\/index.php?rest_route=%2Fwp%2Fv2%2Ftags&post=6356"}],"curies":[{"name":"wp","href":"https:\/\/api.w.org\/{rel}","templated":true}]}}