{"id":6353,"date":"2025-12-14T19:34:06","date_gmt":"2025-12-14T22:34:06","guid":{"rendered":"https:\/\/diarioelfederaense.com.ar\/?p=6353"},"modified":"2025-12-14T19:34:06","modified_gmt":"2025-12-14T22:34:06","slug":"la-15-edicion-de-aguas-abiertas-del-lago-de-federacion-fue-un-exito","status":"publish","type":"post","link":"https:\/\/diarioelfederaense.com.ar\/?p=6353","title":{"rendered":"\u00a1La 15\u00b0 Edici\u00f3n de Aguas Abiertas del Lago de Federaci\u00f3n fue un \u00e9xito!"},"content":{"rendered":"\n<p><a><\/a>Mas de 200 nadadores se dieron cita en el hermoso Lago de Salto Grande para disfrutar de una jornada inolvidable de nado en aguas abiertas.<\/p>\n\n\n\n<p>La prueba cont\u00f3 con dos distancias: 3 km y 1,2 km, y participaron nadadores de diferentes edades y categor\u00edas. El evento se llev\u00f3 a cabo en un entorno natural impresionante, con el lago como protagonista<\/p>\n\n\n\n<p>Algunos de los destacados de la jornada fueron:<\/p>\n\n\n\n<p>Melina Luciana FERNANDEZ (Funes-S.F\u00e9) y Santiago Facundo BOVIEZ (Parana) Ganadadores de la General 3Km<\/p>\n\n\n\n<p>La organizaci\u00f3n destac\u00f3 la excelente participaci\u00f3n y el esp\u00edritu deportivo de todos los nadadores. \u00a1Felicitaciones a todos los participantes!<\/p>\n","protected":false},"excerpt":{"rendered":"<p>Mas de 200 nadadores se dieron cita en el hermoso Lago de Salto Grande para disfrutar de una jornada inolvidable de nado en aguas abiertas. La prueba cont\u00f3 con dos distancias: 3 km y 1,2 km, y participaron nadadores de diferentes edades y categor\u00edas. El evento se llev\u00f3 a cabo en un entorno natural impresionante, [&hellip;]<\/p>\n","protected":false},"author":2,"featured_media":6354,"comment_status":"closed","ping_status":"closed","sticky":false,"template":"","format":"standard","meta":{"_et_pb_use_builder":"","_et_pb_old_content":"","footnotes":""},"categories":[1],"tags":[],"class_list":["post-6353","post","type-post","status-publish","format-standard","has-post-thumbnail","hentry","category-sin-categoria"],"_links":{"self":[{"href":"https:\/\/diarioelfederaense.com.ar\/index.php?rest_route=\/wp\/v2\/posts\/6353"}],"collection":[{"href":"https:\/\/diarioelfederaense.com.ar\/index.php?rest_route=\/wp\/v2\/posts"}],"about":[{"href":"https:\/\/diarioelfederaense.com.ar\/index.php?rest_route=\/wp\/v2\/types\/post"}],"author":[{"embeddable":true,"href":"https:\/\/diarioelfederaense.com.ar\/index.php?rest_route=\/wp\/v2\/users\/2"}],"replies":[{"embeddable":true,"href":"https:\/\/diarioelfederaense.com.ar\/index.php?rest_route=%2Fwp%2Fv2%2Fcomments&post=6353"}],"version-history":[{"count":1,"href":"https:\/\/diarioelfederaense.com.ar\/index.php?rest_route=\/wp\/v2\/posts\/6353\/revisions"}],"predecessor-version":[{"id":6355,"href":"https:\/\/diarioelfederaense.com.ar\/index.php?rest_route=\/wp\/v2\/posts\/6353\/revisions\/6355"}],"wp:featuredmedia":[{"embeddable":true,"href":"https:\/\/diarioelfederaense.com.ar\/index.php?rest_route=\/wp\/v2\/media\/6354"}],"wp:attachment":[{"href":"https:\/\/diarioelfederaense.com.ar\/index.php?rest_route=%2Fwp%2Fv2%2Fmedia&parent=6353"}],"wp:term":[{"taxonomy":"category","embeddable":true,"href":"https:\/\/diarioelfederaense.com.ar\/index.php?rest_route=%2Fwp%2Fv2%2Fcategories&post=6353"},{"taxonomy":"post_tag","embeddable":true,"href":"https:\/\/diarioelfederaense.com.ar\/index.php?rest_route=%2Fwp%2Fv2%2Ftags&post=6353"}],"curies":[{"name":"wp","href":"https:\/\/api.w.org\/{rel}","templated":true}]}}