{"id":6350,"date":"2025-12-14T14:47:51","date_gmt":"2025-12-14T17:47:51","guid":{"rendered":"https:\/\/diarioelfederaense.com.ar\/?p=6350"},"modified":"2025-12-14T14:47:52","modified_gmt":"2025-12-14T17:47:52","slug":"ricardo-bravo-aseguro-que-trabajan-junto-a-la-caja-de-jubilaciones-para-garantizar-su-sostenibilidad-a-futuro","status":"publish","type":"post","link":"https:\/\/diarioelfederaense.com.ar\/?p=6350","title":{"rendered":"Ricardo Bravo asegur\u00f3 que trabajan junto a la Caja de Jubilaciones para garantizar su sostenibilidad a futuro"},"content":{"rendered":"\n<p><a><\/a>El presidente municipal de la ciudad de Federaci\u00f3n, Ricardo Bravo, acompa\u00f1ado por el secretario de Obras P\u00fablicas, Luis Espil, recibi\u00f3 este viernes al directorio de la Caja de Jubilaciones y Pensiones Municipal, en el marco de una reuni\u00f3n en la que se analiz\u00f3 la situaci\u00f3n econ\u00f3mica actual que atraviesa tanto la entidad previsional como el Municipio.<\/p>\n\n\n\n<p>Durante el encuentro, las autoridades abordaron distintos temas vinculados al funcionamiento de la Caja, con el objetivo de proyectar a futuro un sistema jubilatorio sustentable y equilibrado. En ese sentido, se evaluaron posibles medidas y acciones orientadas a prevenir cualquier escenario que pudiera poner en riesgo su normal funcionamiento.<\/p>\n\n\n\n<p>Al finalizar la reuni\u00f3n, el jefe comunal destac\u00f3 la importancia del di\u00e1logo institucional y se\u00f1al\u00f3 que se trat\u00f3 de un encuentro necesario. \u201cEsta es una reuni\u00f3n institucional que nos deb\u00edamos hace tiempo\u201d, expres\u00f3 Bravo, al tiempo que remarc\u00f3 el compromiso de continuar trabajando de manera conjunta.<\/p>\n\n\n\n<p>\u201cEl objetivo es seguir avanzando para el bien com\u00fan de los jubilados y jubiladas actuales y tambi\u00e9n de quienes ser\u00e1n parte del sistema en el futuro. Buscamos que nuestra Caja pueda sostenerse en el tiempo a trav\u00e9s de otros tipos de inversiones\u201d, afirm\u00f3 el intendente.<\/p>\n\n\n\n<p>Desde el Municipio resaltaron que este tipo de encuentros forman parte de una estrategia de planificaci\u00f3n responsable, orientada a fortalecer el sistema previsional local y asegurar su estabilidad en el mediano y largo plazo.<\/p>\n\n\n\n<p>7paginas<\/p>\n","protected":false},"excerpt":{"rendered":"<p>El presidente municipal de la ciudad de Federaci\u00f3n, Ricardo Bravo, acompa\u00f1ado por el secretario de Obras P\u00fablicas, Luis Espil, recibi\u00f3 este viernes al directorio de la Caja de Jubilaciones y Pensiones Municipal, en el marco de una reuni\u00f3n en la que se analiz\u00f3 la situaci\u00f3n econ\u00f3mica actual que atraviesa tanto la entidad previsional como el [&hellip;]<\/p>\n","protected":false},"author":2,"featured_media":6351,"comment_status":"closed","ping_status":"closed","sticky":false,"template":"","format":"standard","meta":{"_et_pb_use_builder":"","_et_pb_old_content":"","footnotes":""},"categories":[1],"tags":[],"class_list":["post-6350","post","type-post","status-publish","format-standard","has-post-thumbnail","hentry","category-sin-categoria"],"_links":{"self":[{"href":"https:\/\/diarioelfederaense.com.ar\/index.php?rest_route=\/wp\/v2\/posts\/6350"}],"collection":[{"href":"https:\/\/diarioelfederaense.com.ar\/index.php?rest_route=\/wp\/v2\/posts"}],"about":[{"href":"https:\/\/diarioelfederaense.com.ar\/index.php?rest_route=\/wp\/v2\/types\/post"}],"author":[{"embeddable":true,"href":"https:\/\/diarioelfederaense.com.ar\/index.php?rest_route=\/wp\/v2\/users\/2"}],"replies":[{"embeddable":true,"href":"https:\/\/diarioelfederaense.com.ar\/index.php?rest_route=%2Fwp%2Fv2%2Fcomments&post=6350"}],"version-history":[{"count":1,"href":"https:\/\/diarioelfederaense.com.ar\/index.php?rest_route=\/wp\/v2\/posts\/6350\/revisions"}],"predecessor-version":[{"id":6352,"href":"https:\/\/diarioelfederaense.com.ar\/index.php?rest_route=\/wp\/v2\/posts\/6350\/revisions\/6352"}],"wp:featuredmedia":[{"embeddable":true,"href":"https:\/\/diarioelfederaense.com.ar\/index.php?rest_route=\/wp\/v2\/media\/6351"}],"wp:attachment":[{"href":"https:\/\/diarioelfederaense.com.ar\/index.php?rest_route=%2Fwp%2Fv2%2Fmedia&parent=6350"}],"wp:term":[{"taxonomy":"category","embeddable":true,"href":"https:\/\/diarioelfederaense.com.ar\/index.php?rest_route=%2Fwp%2Fv2%2Fcategories&post=6350"},{"taxonomy":"post_tag","embeddable":true,"href":"https:\/\/diarioelfederaense.com.ar\/index.php?rest_route=%2Fwp%2Fv2%2Ftags&post=6350"}],"curies":[{"name":"wp","href":"https:\/\/api.w.org\/{rel}","templated":true}]}}