{"id":6347,"date":"2025-12-13T11:21:59","date_gmt":"2025-12-13T14:21:59","guid":{"rendered":"https:\/\/diarioelfederaense.com.ar\/?p=6347"},"modified":"2025-12-13T11:21:59","modified_gmt":"2025-12-13T14:21:59","slug":"de-nuestra-historia-desde-el-federaense-impulsamos-la-fiesta-del-deporte-hoy-realizada-por-el-municipio","status":"publish","type":"post","link":"https:\/\/diarioelfederaense.com.ar\/?p=6347","title":{"rendered":"De nuestra historia: DESDE EL FEDERAENSE IMPULSAMOS LA FIESTA DEL DEPORTE HOY REALIZADA POR EL MUNICIPIO"},"content":{"rendered":"\n<p><a><\/a>Desde este medio, El Federaense, en diciembre de 1994 impulsamos la Fiesta del Deporte, ese fue el a\u00f1o de nuestro nacimiento. En aquella oportunidad invitamos a la direcci\u00f3n de deportes de la Municipalidad de Federaci\u00f3n a sumarse, lo que hizo su director Rub\u00e9n Rastelli.<\/p>\n\n\n\n<p>En aquel a\u00f1o de fundaci\u00f3n de este medio, se impuls\u00f3 el reconocimiento a los deportistas destacados de la ciudad, organiz\u00e1ndose la Primera Fiesta del Deporte federaense, la que se realiz\u00f3 en la sede del Club Bancario con la presencia del Intendente Carlos Cecco y dem\u00e1s autoridades de la ciudad.<\/p>\n\n\n\n<p>Publicaci\u00f3n de El Federaense de aquel a\u00f1o:<\/p>\n\n\n\n<p>El pasado mi\u00e9rcoles 21, despu\u00e9s de las diez de la noche y en el Club Bancarios, EL FEDERAENSE, junto a la Subdirecci\u00f3n de la Juventud hizo entrega de los certificados-menci\u00f3n a los deportistas destacados durante 1994. As\u00ed Carlos Ruiz y Eduardo Noguera (karate); Diego Garc\u00eda y el profesor Rub\u00e9n Dalzotto m\u00e1s Miguelito Ben\u00edtez -ausente- (f\u00fatbol); Sergio Mattiassi y Rover Cesarego (automovilismo); Jorge Gonz\u00e1lez (motocross); las hermanas Mart\u00ednez (b\u00e1squet en Olimp\u00edadas especiales) y Daniel Gilabert (duathlon y triathlon) recibieron su m\u00e1s que merecido reconocimiento. Adem\u00e1s estuvieron presentes Cristal FM, Video Cable Federaci\u00f3n, las corresponsal\u00edas de los medios provinciales y de la regi\u00f3n y FM Aldebar\u00e1n de la localidad de Villa del Rosario. Por la parte oficial estuvieron presentes Carlos Cecco y esposa, Osiris Buma y el subdirector de la Juventud, Rub\u00e9n Rastelli&#8230;\u00bb<\/p>\n","protected":false},"excerpt":{"rendered":"<p>Desde este medio, El Federaense, en diciembre de 1994 impulsamos la Fiesta del Deporte, ese fue el a\u00f1o de nuestro nacimiento. En aquella oportunidad invitamos a la direcci\u00f3n de deportes de la Municipalidad de Federaci\u00f3n a sumarse, lo que hizo su director Rub\u00e9n Rastelli. En aquel a\u00f1o de fundaci\u00f3n de este medio, se impuls\u00f3 el [&hellip;]<\/p>\n","protected":false},"author":2,"featured_media":6348,"comment_status":"closed","ping_status":"closed","sticky":false,"template":"","format":"standard","meta":{"_et_pb_use_builder":"","_et_pb_old_content":"","footnotes":""},"categories":[1],"tags":[],"class_list":["post-6347","post","type-post","status-publish","format-standard","has-post-thumbnail","hentry","category-sin-categoria"],"_links":{"self":[{"href":"https:\/\/diarioelfederaense.com.ar\/index.php?rest_route=\/wp\/v2\/posts\/6347"}],"collection":[{"href":"https:\/\/diarioelfederaense.com.ar\/index.php?rest_route=\/wp\/v2\/posts"}],"about":[{"href":"https:\/\/diarioelfederaense.com.ar\/index.php?rest_route=\/wp\/v2\/types\/post"}],"author":[{"embeddable":true,"href":"https:\/\/diarioelfederaense.com.ar\/index.php?rest_route=\/wp\/v2\/users\/2"}],"replies":[{"embeddable":true,"href":"https:\/\/diarioelfederaense.com.ar\/index.php?rest_route=%2Fwp%2Fv2%2Fcomments&post=6347"}],"version-history":[{"count":1,"href":"https:\/\/diarioelfederaense.com.ar\/index.php?rest_route=\/wp\/v2\/posts\/6347\/revisions"}],"predecessor-version":[{"id":6349,"href":"https:\/\/diarioelfederaense.com.ar\/index.php?rest_route=\/wp\/v2\/posts\/6347\/revisions\/6349"}],"wp:featuredmedia":[{"embeddable":true,"href":"https:\/\/diarioelfederaense.com.ar\/index.php?rest_route=\/wp\/v2\/media\/6348"}],"wp:attachment":[{"href":"https:\/\/diarioelfederaense.com.ar\/index.php?rest_route=%2Fwp%2Fv2%2Fmedia&parent=6347"}],"wp:term":[{"taxonomy":"category","embeddable":true,"href":"https:\/\/diarioelfederaense.com.ar\/index.php?rest_route=%2Fwp%2Fv2%2Fcategories&post=6347"},{"taxonomy":"post_tag","embeddable":true,"href":"https:\/\/diarioelfederaense.com.ar\/index.php?rest_route=%2Fwp%2Fv2%2Ftags&post=6347"}],"curies":[{"name":"wp","href":"https:\/\/api.w.org\/{rel}","templated":true}]}}