{"id":6344,"date":"2025-12-13T11:01:22","date_gmt":"2025-12-13T14:01:22","guid":{"rendered":"https:\/\/diarioelfederaense.com.ar\/?p=6344"},"modified":"2025-12-13T11:01:23","modified_gmt":"2025-12-13T14:01:23","slug":"cattani-reafirmo-su-candidatura-para-2027-y-llamo-a-un-encuentro-del-pj-de-federacion","status":"publish","type":"post","link":"https:\/\/diarioelfederaense.com.ar\/?p=6344","title":{"rendered":"Cattani reafirm\u00f3 su candidatura para 2027 y llam\u00f3 a un encuentro del PJ de Federaci\u00f3n"},"content":{"rendered":"\n<p><a><\/a>El vocal de la Comisi\u00f3n Administradora para el Fondo Especial de Salto Grande (CAFESG), Miguel Cattani, volvi\u00f3 a quedar en el centro de la escena pol\u00edtica local tras presentar un proyecto para la readecuaci\u00f3n integral de la planta de tratamiento de l\u00edquidos cloacales de Federaci\u00f3n y, al mismo tiempo, ratificar p\u00fablicamente su intenci\u00f3n de ser candidato a intendente en las elecciones de 2027. En ese marco, tambi\u00e9n advirti\u00f3 que los distintos referentes del Partido Justicialista de la ciudad \u201cse deben un encuentro\u201d para comenzar a ordenar el escenario pol\u00edtico de cara al futuro.<\/p>\n\n\n\n<p>La obra prev\u00e9 la renovaci\u00f3n de platos, aspersores, sistema el\u00e9ctrico, bombas, recirculaci\u00f3n de lodos y otras mejoras estructurales que permitir\u00e1n garantizar un adecuado tratamiento de los efluentes, especialmente en una ciudad tur\u00edstica que multiplica su poblaci\u00f3n durante la temporada estival. \u201cEs una cuesti\u00f3n de salud p\u00fablica y de cuidado ambiental, sobre todo por la relaci\u00f3n directa con el lago y las playas\u201d, sostuvo Cattani, quien adelant\u00f3 que se buscar\u00e1 financiamiento a trav\u00e9s de CAFESG y, de ser necesario, mediante l\u00edneas de cr\u00e9dito internacional del BID o el Banco Mundial.<\/p>\n\n\n\n<p>En ese contexto, llam\u00f3 a los concejales a declarar el proyecto de inter\u00e9s municipal, para fortalecer su respaldo pol\u00edtico y legal. Tambi\u00e9n realiz\u00f3 un balance positivo de la gesti\u00f3n en CAFESG, destacando obras como la demarcaci\u00f3n de la Ruta Provincial 44 y otros proyectos presentados para Federaci\u00f3n, entre ellos la urbanizaci\u00f3n de la avenida N\u00e9stor Kirchner, la Cuenca San Carlos y futuras intervenciones en edificios p\u00fablicos y espacios tur\u00edsticos.<\/p>\n\n\n\n<p>Sin embargo, las definiciones m\u00e1s resonantes llegaron en el plano pol\u00edtico. Cattani ratific\u00f3 que ser\u00e1 precandidato a intendente en 2027 dentro del peronismo y afirm\u00f3 que el a\u00f1o 2026 ser\u00e1 clave para las definiciones internas. \u201cNadie escapa a que voy a ser candidato, lo dije hace tiempo y lo sostengo\u201d, expres\u00f3, al tiempo que plante\u00f3 la necesidad de dialogar con todos los dirigentes locales que tengan la misma aspiraci\u00f3n, para evaluar si habr\u00e1 una interna o un acuerdo de consenso.<\/p>\n\n\n\n<p>Sus declaraciones se dieron en medio de fuertes rumores sobre el futuro del oficialismo justicialista y versiones que indican que la actual viceintendenta Silvana Monz\u00f3n no ser\u00eda la elegida como candidata del sector. En ese marco, no pas\u00f3 desapercibido que ning\u00fan funcionario municipal particip\u00f3 de la presentaci\u00f3n del proyecto, mientras que s\u00ed estuvo presente el intendente Ricardo Bravo, un gesto que algunos interpretaron como un acercamiento o respaldo pol\u00edtico hacia Cattani.<\/p>\n\n\n\n<p>Finalmente, el dirigente remarc\u00f3 que el desaf\u00edo ser\u00e1 \u201ctomar la posta\u201d de una gesti\u00f3n encabezada por Bravo que no tendr\u00e1 reelecci\u00f3n en 2027 y por eso sostiene que se deben priorizar los intereses de Federaci\u00f3n por encima de las internas. \u201cSe viene un a\u00f1o de mucha actividad, tanto en la gesti\u00f3n como en lo pol\u00edtico\u201d, concluy\u00f3.<\/p>\n","protected":false},"excerpt":{"rendered":"<p>El vocal de la Comisi\u00f3n Administradora para el Fondo Especial de Salto Grande (CAFESG), Miguel Cattani, volvi\u00f3 a quedar en el centro de la escena pol\u00edtica local tras presentar un proyecto para la readecuaci\u00f3n integral de la planta de tratamiento de l\u00edquidos cloacales de Federaci\u00f3n y, al mismo tiempo, ratificar p\u00fablicamente su intenci\u00f3n de ser [&hellip;]<\/p>\n","protected":false},"author":2,"featured_media":6345,"comment_status":"closed","ping_status":"closed","sticky":false,"template":"","format":"standard","meta":{"_et_pb_use_builder":"","_et_pb_old_content":"","footnotes":""},"categories":[1],"tags":[],"class_list":["post-6344","post","type-post","status-publish","format-standard","has-post-thumbnail","hentry","category-sin-categoria"],"_links":{"self":[{"href":"https:\/\/diarioelfederaense.com.ar\/index.php?rest_route=\/wp\/v2\/posts\/6344"}],"collection":[{"href":"https:\/\/diarioelfederaense.com.ar\/index.php?rest_route=\/wp\/v2\/posts"}],"about":[{"href":"https:\/\/diarioelfederaense.com.ar\/index.php?rest_route=\/wp\/v2\/types\/post"}],"author":[{"embeddable":true,"href":"https:\/\/diarioelfederaense.com.ar\/index.php?rest_route=\/wp\/v2\/users\/2"}],"replies":[{"embeddable":true,"href":"https:\/\/diarioelfederaense.com.ar\/index.php?rest_route=%2Fwp%2Fv2%2Fcomments&post=6344"}],"version-history":[{"count":1,"href":"https:\/\/diarioelfederaense.com.ar\/index.php?rest_route=\/wp\/v2\/posts\/6344\/revisions"}],"predecessor-version":[{"id":6346,"href":"https:\/\/diarioelfederaense.com.ar\/index.php?rest_route=\/wp\/v2\/posts\/6344\/revisions\/6346"}],"wp:featuredmedia":[{"embeddable":true,"href":"https:\/\/diarioelfederaense.com.ar\/index.php?rest_route=\/wp\/v2\/media\/6345"}],"wp:attachment":[{"href":"https:\/\/diarioelfederaense.com.ar\/index.php?rest_route=%2Fwp%2Fv2%2Fmedia&parent=6344"}],"wp:term":[{"taxonomy":"category","embeddable":true,"href":"https:\/\/diarioelfederaense.com.ar\/index.php?rest_route=%2Fwp%2Fv2%2Fcategories&post=6344"},{"taxonomy":"post_tag","embeddable":true,"href":"https:\/\/diarioelfederaense.com.ar\/index.php?rest_route=%2Fwp%2Fv2%2Ftags&post=6344"}],"curies":[{"name":"wp","href":"https:\/\/api.w.org\/{rel}","templated":true}]}}