{"id":6323,"date":"2025-12-12T14:46:16","date_gmt":"2025-12-12T17:46:16","guid":{"rendered":"https:\/\/diarioelfederaense.com.ar\/?p=6323"},"modified":"2025-12-12T14:46:17","modified_gmt":"2025-12-12T17:46:17","slug":"egresaron-79-mujeres-como-agentes-de-policia-y-se-incorporaran-al-servicio-en-entre-rios","status":"publish","type":"post","link":"https:\/\/diarioelfederaense.com.ar\/?p=6323","title":{"rendered":"Egresaron 79 mujeres como agentes de polic\u00eda y se incorporar\u00e1n al servicio en Entre R\u00edos"},"content":{"rendered":"\n<p><a><\/a>Un total de 79 mujeres finalizaron su formaci\u00f3n como agentes de polic\u00eda tras completar el plan homologado por el Consejo General de Educaci\u00f3n, supo Elonce. Las egresadas, provenientes de distintos puntos de la provincia, se incorporar\u00e1n al servicio de seguridad p\u00fablica.<\/p>\n\n\n\n<p>Un total de 79 mujeres finalizaron su formaci\u00f3n como agentes de polic\u00eda en un acto institucional realizado en la ciudad de Rosario del Tala, tras completar el plan de estudios homologado por el Consejo General de Educaci\u00f3n. Las egresadas iniciar\u00e1n pr\u00f3ximamente sus funciones dentro del sistema de seguridad p\u00fablica de la provincia de Entre R\u00edos.<\/p>\n\n\n\n<p>Al respecto, el director general de Institutos Policiales, Jorge Gajardo, explic\u00f3 a Elonce que las nuevas agentes ingresaron a la formaci\u00f3n en el mes de enero y culminaron el proceso tras cumplir con todas las etapas acad\u00e9micas y pr\u00e1cticas previstas.<\/p>\n\n\n\n<p>En la oportunidad, Gajardo se\u00f1al\u00f3 que el egreso represent\u00f3 \u00abun momento sublime no solo para las agentes, sino tambi\u00e9n para sus familias y para la instituci\u00f3n policial\u00bb. Explic\u00f3 que la finalizaci\u00f3n del cursado marc\u00f3 el cierre de una etapa de formaci\u00f3n que implic\u00f3 esfuerzo y compromiso desde el inicio del ciclo lectivo.<\/p>\n\n\n\n<p>Adem\u00e1s, record\u00f3 que durante el mes de noviembre tambi\u00e9n se registraron otros egresos importantes. En la Escuela de Agentes de Villaguay finalizaron su formaci\u00f3n 187 nuevos agentes, mientras que en la Escuela de Oficiales \u201cDr. Salvador Maci\u00e1\u201d de Paran\u00e1 egresaron 78 oficiales, de los cuales 24 fueron mujeres y 54 varones.<\/p>\n\n\n\n<p>Inscripci\u00f3n y requisitos para ingresar<\/p>\n\n\n\n<p>En la ocasi\u00f3n, el director inform\u00f3 que la inscripci\u00f3n para las carreras policiales se abri\u00f3 durante el mes de junio; explic\u00f3 que el proceso de ingreso comienza entre enero y febrero con una preinscripci\u00f3n online a trav\u00e9s del sitio oficial de la Polic\u00eda de Entre R\u00edos, donde los aspirantes deben completar un formulario inicial.<\/p>\n\n\n\n<p>Nuevas agentes se incorporaron a la Polic\u00eda de Entre R\u00edos<\/p>\n\n\n\n<p>Posteriormente, los interesados deben presentar la documentaci\u00f3n requerida y cumplir con los requisitos establecidos. Para la carrera de agente de polic\u00eda, la edad exigida era entre 18 y 30 a\u00f1os, mientras que para oficial de polic\u00eda el rango etario era de 18 a 27 a\u00f1os.<\/p>\n\n\n\n<p>Durante el \u00faltimo proceso de inscripci\u00f3n, m\u00e1s de 5.000 j\u00f3venes, entre hombres y mujeres, se postularon para las distintas escuelas de formaci\u00f3n policial de la provincia. Seg\u00fan se inform\u00f3, las pr\u00f3ximas promociones ingresar\u00edan entre los meses de enero y febrero del 2026, de acuerdo a lo que dispusiera la Jefatura de Polic\u00eda.<\/p>\n\n\n\n<p>Duraci\u00f3n de las carreras y continuidad acad\u00e9mica<\/p>\n\n\n\n<p>Gajardo detall\u00f3 que la carrera de agente de polic\u00eda tiene una duraci\u00f3n de nueve meses a un a\u00f1o, de acuerdo al plan homologado. En tanto, la carrera de oficial de polic\u00eda se extend\u00eda por tres a\u00f1os, tambi\u00e9n con aval del Consejo General de Educaci\u00f3n.<\/p>\n\n\n\n<p>Indic\u00f3 que los oficiales cuentan con la posibilidad de continuar su formaci\u00f3n superior mediante un convenio con la Universidad Aut\u00f3noma de Entre R\u00edos, que permite acceder a la Licenciatura en Seguridad P\u00fablica y Ciudadana.<\/p>\n\n\n\n<p>Finalmente, Gajardo record\u00f3 que las puertas de las escuelas policiales permanecen abiertas para quienes deseen realizar consultas presenciales en Paran\u00e1, Villaguay, Rosario del Tala y Concepci\u00f3n del Uruguay.<\/p>\n","protected":false},"excerpt":{"rendered":"<p>Un total de 79 mujeres finalizaron su formaci\u00f3n como agentes de polic\u00eda tras completar el plan homologado por el Consejo General de Educaci\u00f3n, supo Elonce. Las egresadas, provenientes de distintos puntos de la provincia, se incorporar\u00e1n al servicio de seguridad p\u00fablica. Un total de 79 mujeres finalizaron su formaci\u00f3n como agentes de polic\u00eda en un [&hellip;]<\/p>\n","protected":false},"author":2,"featured_media":6324,"comment_status":"closed","ping_status":"closed","sticky":false,"template":"","format":"standard","meta":{"_et_pb_use_builder":"","_et_pb_old_content":"","footnotes":""},"categories":[1],"tags":[],"class_list":["post-6323","post","type-post","status-publish","format-standard","has-post-thumbnail","hentry","category-sin-categoria"],"_links":{"self":[{"href":"https:\/\/diarioelfederaense.com.ar\/index.php?rest_route=\/wp\/v2\/posts\/6323"}],"collection":[{"href":"https:\/\/diarioelfederaense.com.ar\/index.php?rest_route=\/wp\/v2\/posts"}],"about":[{"href":"https:\/\/diarioelfederaense.com.ar\/index.php?rest_route=\/wp\/v2\/types\/post"}],"author":[{"embeddable":true,"href":"https:\/\/diarioelfederaense.com.ar\/index.php?rest_route=\/wp\/v2\/users\/2"}],"replies":[{"embeddable":true,"href":"https:\/\/diarioelfederaense.com.ar\/index.php?rest_route=%2Fwp%2Fv2%2Fcomments&post=6323"}],"version-history":[{"count":1,"href":"https:\/\/diarioelfederaense.com.ar\/index.php?rest_route=\/wp\/v2\/posts\/6323\/revisions"}],"predecessor-version":[{"id":6325,"href":"https:\/\/diarioelfederaense.com.ar\/index.php?rest_route=\/wp\/v2\/posts\/6323\/revisions\/6325"}],"wp:featuredmedia":[{"embeddable":true,"href":"https:\/\/diarioelfederaense.com.ar\/index.php?rest_route=\/wp\/v2\/media\/6324"}],"wp:attachment":[{"href":"https:\/\/diarioelfederaense.com.ar\/index.php?rest_route=%2Fwp%2Fv2%2Fmedia&parent=6323"}],"wp:term":[{"taxonomy":"category","embeddable":true,"href":"https:\/\/diarioelfederaense.com.ar\/index.php?rest_route=%2Fwp%2Fv2%2Fcategories&post=6323"},{"taxonomy":"post_tag","embeddable":true,"href":"https:\/\/diarioelfederaense.com.ar\/index.php?rest_route=%2Fwp%2Fv2%2Ftags&post=6323"}],"curies":[{"name":"wp","href":"https:\/\/api.w.org\/{rel}","templated":true}]}}