{"id":6160,"date":"2025-12-02T14:46:25","date_gmt":"2025-12-02T17:46:25","guid":{"rendered":"https:\/\/diarioelfederaense.com.ar\/?p=6160"},"modified":"2025-12-02T14:46:27","modified_gmt":"2025-12-02T17:46:27","slug":"se-cumplieron-los-primeros-vuelos-que-unieron-aeroparque-con-concordia","status":"publish","type":"post","link":"https:\/\/diarioelfederaense.com.ar\/?p=6160","title":{"rendered":"Se cumplieron los primeros vuelos que unieron Aeroparque con Concordia"},"content":{"rendered":"\n<p><a><\/a>Durante la ma\u00f1ana de este martes, el Aeropuerto Comodoro Pierrestegui recibi\u00f3 a los primeros vuelos de la empresa Humming Airways que conectaron al Aeroparque de la Ciudad de Buenos Aires con la regi\u00f3n de Salto Grande.<\/p>\n\n\n\n<p>Primeros vuelos. Tal y como hab\u00eda sido anunciado, el primer vuelo de la empresa Humming Airways entre Aeroparque y el Aeropuerto de Concordia se concret\u00f3 durante la ma\u00f1ana de este martes 2 de diciembre.<\/p>\n\n\n\n<p>En esta oportunidad, el avi\u00f3n lleg\u00f3 a las 11:11 iniciando as\u00ed el anunciado ciclo de vuelos que va a brindar la empresa entre la Ciudad Aut\u00f3noma de Buenos Aires y la regi\u00f3n de Salto Grande.<\/p>\n\n\n\n<p>Cabe recordar que el vuelo debi\u00f3 ser reprogramado a ra\u00edz de la falta de un permiso que deb\u00eda emitirse para el aeropuerto, seg\u00fan hab\u00eda explicado el gerente de Coordinaci\u00f3n Operativa de la empresa, Gonzalo Criniti, a Diario R\u00edo Uruguay.<\/p>\n\n\n\n<p>Capacidad completa<\/p>\n\n\n\n<p>Anteriormente, Criniti hab\u00eda explicado que \u201cla ruta que m\u00e1s nos consultaron sobre su inicio, sobre las operaciones, sobre los precios, que m\u00e1s nos han pedido informaci\u00f3n sobre, fue la de Concordia\u201d.<\/p>\n\n\n\n<p>Asegur\u00f3 que la ruta busca consolidar un corredor a\u00e9reo regional que fortalezca la vinculaci\u00f3n tur\u00edstica y empresarial entre el noreste de Entre R\u00edos y la ciudad de Buenos Aires.<\/p>\n\n\n\n<p>Durante la ma\u00f1ana de este martes, el primero de los vuelos lleg\u00f3 con su capacidad completa, con un total de 19 pasajeros, entre los que se encontraban los dos responsables de la firma que llevar\u00e1 a cabo el servicio. El vuelo de regreso, por otra parte, se lo ocup\u00f3 con un total de 9 pasajeros.<\/p>\n","protected":false},"excerpt":{"rendered":"<p>Durante la ma\u00f1ana de este martes, el Aeropuerto Comodoro Pierrestegui recibi\u00f3 a los primeros vuelos de la empresa Humming Airways que conectaron al Aeroparque de la Ciudad de Buenos Aires con la regi\u00f3n de Salto Grande. Primeros vuelos. Tal y como hab\u00eda sido anunciado, el primer vuelo de la empresa Humming Airways entre Aeroparque y [&hellip;]<\/p>\n","protected":false},"author":2,"featured_media":6161,"comment_status":"closed","ping_status":"closed","sticky":false,"template":"","format":"standard","meta":{"_et_pb_use_builder":"","_et_pb_old_content":"","footnotes":""},"categories":[1],"tags":[],"class_list":["post-6160","post","type-post","status-publish","format-standard","has-post-thumbnail","hentry","category-sin-categoria"],"_links":{"self":[{"href":"https:\/\/diarioelfederaense.com.ar\/index.php?rest_route=\/wp\/v2\/posts\/6160"}],"collection":[{"href":"https:\/\/diarioelfederaense.com.ar\/index.php?rest_route=\/wp\/v2\/posts"}],"about":[{"href":"https:\/\/diarioelfederaense.com.ar\/index.php?rest_route=\/wp\/v2\/types\/post"}],"author":[{"embeddable":true,"href":"https:\/\/diarioelfederaense.com.ar\/index.php?rest_route=\/wp\/v2\/users\/2"}],"replies":[{"embeddable":true,"href":"https:\/\/diarioelfederaense.com.ar\/index.php?rest_route=%2Fwp%2Fv2%2Fcomments&post=6160"}],"version-history":[{"count":1,"href":"https:\/\/diarioelfederaense.com.ar\/index.php?rest_route=\/wp\/v2\/posts\/6160\/revisions"}],"predecessor-version":[{"id":6162,"href":"https:\/\/diarioelfederaense.com.ar\/index.php?rest_route=\/wp\/v2\/posts\/6160\/revisions\/6162"}],"wp:featuredmedia":[{"embeddable":true,"href":"https:\/\/diarioelfederaense.com.ar\/index.php?rest_route=\/wp\/v2\/media\/6161"}],"wp:attachment":[{"href":"https:\/\/diarioelfederaense.com.ar\/index.php?rest_route=%2Fwp%2Fv2%2Fmedia&parent=6160"}],"wp:term":[{"taxonomy":"category","embeddable":true,"href":"https:\/\/diarioelfederaense.com.ar\/index.php?rest_route=%2Fwp%2Fv2%2Fcategories&post=6160"},{"taxonomy":"post_tag","embeddable":true,"href":"https:\/\/diarioelfederaense.com.ar\/index.php?rest_route=%2Fwp%2Fv2%2Ftags&post=6160"}],"curies":[{"name":"wp","href":"https:\/\/api.w.org\/{rel}","templated":true}]}}