{"id":6154,"date":"2025-12-02T11:56:29","date_gmt":"2025-12-02T14:56:29","guid":{"rendered":"https:\/\/diarioelfederaense.com.ar\/?p=6154"},"modified":"2025-12-02T11:56:30","modified_gmt":"2025-12-02T14:56:30","slug":"cesar-tello-es-el-nuevo-presidente-de-la-cooperadora-del-hospital-san-jose","status":"publish","type":"post","link":"https:\/\/diarioelfederaense.com.ar\/?p=6154","title":{"rendered":"CESAR TELLO ES EL NUEVO PRESIDENTE DE LA COOPERADORA DEL HOSPITAL SAN JOS\u00c9"},"content":{"rendered":"\n<p>En la noche de este lunes se produjo la Asamblea General en donde se renovaron integrantes de <a><\/a>la comisi\u00f3n cooperadora del hospital local, siendo elegido por los presentes el se\u00f1or Cesar Tello como nuevo presidente.<\/p>\n\n\n\n<p>Tello es empleado del hospital, enfermero, y muy conocedor de las necesidades que tiene este nosocomio, adem\u00e1s fue integrante de la comisi\u00f3n anterior, por lo cual se considera que continuar\u00e1 dando un gran impulso al trabajo de esta comisi\u00f3n.<\/p>\n","protected":false},"excerpt":{"rendered":"<p>En la noche de este lunes se produjo la Asamblea General en donde se renovaron integrantes de la comisi\u00f3n cooperadora del hospital local, siendo elegido por los presentes el se\u00f1or Cesar Tello como nuevo presidente. Tello es empleado del hospital, enfermero, y muy conocedor de las necesidades que tiene este nosocomio, adem\u00e1s fue integrante de [&hellip;]<\/p>\n","protected":false},"author":2,"featured_media":6155,"comment_status":"closed","ping_status":"closed","sticky":false,"template":"","format":"standard","meta":{"_et_pb_use_builder":"","_et_pb_old_content":"","footnotes":""},"categories":[1],"tags":[],"class_list":["post-6154","post","type-post","status-publish","format-standard","has-post-thumbnail","hentry","category-sin-categoria"],"_links":{"self":[{"href":"https:\/\/diarioelfederaense.com.ar\/index.php?rest_route=\/wp\/v2\/posts\/6154"}],"collection":[{"href":"https:\/\/diarioelfederaense.com.ar\/index.php?rest_route=\/wp\/v2\/posts"}],"about":[{"href":"https:\/\/diarioelfederaense.com.ar\/index.php?rest_route=\/wp\/v2\/types\/post"}],"author":[{"embeddable":true,"href":"https:\/\/diarioelfederaense.com.ar\/index.php?rest_route=\/wp\/v2\/users\/2"}],"replies":[{"embeddable":true,"href":"https:\/\/diarioelfederaense.com.ar\/index.php?rest_route=%2Fwp%2Fv2%2Fcomments&post=6154"}],"version-history":[{"count":1,"href":"https:\/\/diarioelfederaense.com.ar\/index.php?rest_route=\/wp\/v2\/posts\/6154\/revisions"}],"predecessor-version":[{"id":6156,"href":"https:\/\/diarioelfederaense.com.ar\/index.php?rest_route=\/wp\/v2\/posts\/6154\/revisions\/6156"}],"wp:featuredmedia":[{"embeddable":true,"href":"https:\/\/diarioelfederaense.com.ar\/index.php?rest_route=\/wp\/v2\/media\/6155"}],"wp:attachment":[{"href":"https:\/\/diarioelfederaense.com.ar\/index.php?rest_route=%2Fwp%2Fv2%2Fmedia&parent=6154"}],"wp:term":[{"taxonomy":"category","embeddable":true,"href":"https:\/\/diarioelfederaense.com.ar\/index.php?rest_route=%2Fwp%2Fv2%2Fcategories&post=6154"},{"taxonomy":"post_tag","embeddable":true,"href":"https:\/\/diarioelfederaense.com.ar\/index.php?rest_route=%2Fwp%2Fv2%2Ftags&post=6154"}],"curies":[{"name":"wp","href":"https:\/\/api.w.org\/{rel}","templated":true}]}}