{"id":6142,"date":"2025-12-02T09:07:49","date_gmt":"2025-12-02T12:07:49","guid":{"rendered":"https:\/\/diarioelfederaense.com.ar\/?p=6142"},"modified":"2025-12-02T09:07:49","modified_gmt":"2025-12-02T12:07:49","slug":"jornada-sobre-prevencion-en-playas-del-rio-uruguay","status":"publish","type":"post","link":"https:\/\/diarioelfederaense.com.ar\/?p=6142","title":{"rendered":"JORNADA SOBRE PREVENCI\u00d3N EN PLAYAS DEL R\u00cdO URUGUAY"},"content":{"rendered":"\n<p><a><\/a>Parte del equipo de guardavidas de playas junto al Director de Producci\u00f3n y Ambiente, Daniel Ben\u00edtez, participaron este viernes de una capacitaci\u00f3n en \u201cVigilancia Visual y Prevenci\u00f3n de Riesgos ante Floraciones de Cianobacterias en playas del Rio Uruguay\u201d organizada por el Departamento de Ambiente de la CARU en el marco del Programa de Vigilancia y Estado Tr\u00f3fico del Uruguay, en el Museo Provincial de la Imagen de la ciudad de Concordia.<\/p>\n\n\n\n<p>Actividad de car\u00e1cter te\u00f3rico-pr\u00e1ctico enfocada a las buenas pr\u00e1cticas sobre floraciones de cianobacterias -organismos microsc\u00f3picos \u2013 en el R\u00edo Uruguay.<\/p>\n\n\n\n<p><img loading=\"lazy\" decoding=\"async\" height=\"16\" width=\"16\" alt=\"\ud83d\udcf8\" src=\"https:\/\/static.xx.fbcdn.net\/images\/emoji.php\/v9\/tde\/1\/16\/1f4f8.png\"> Fotos gentileza Prensa CARU<\/p>\n","protected":false},"excerpt":{"rendered":"<p>Parte del equipo de guardavidas de playas junto al Director de Producci\u00f3n y Ambiente, Daniel Ben\u00edtez, participaron este viernes de una capacitaci\u00f3n en \u201cVigilancia Visual y Prevenci\u00f3n de Riesgos ante Floraciones de Cianobacterias en playas del Rio Uruguay\u201d organizada por el Departamento de Ambiente de la CARU en el marco del Programa de Vigilancia y [&hellip;]<\/p>\n","protected":false},"author":2,"featured_media":6143,"comment_status":"closed","ping_status":"closed","sticky":false,"template":"","format":"standard","meta":{"_et_pb_use_builder":"","_et_pb_old_content":"","footnotes":""},"categories":[1],"tags":[],"class_list":["post-6142","post","type-post","status-publish","format-standard","has-post-thumbnail","hentry","category-sin-categoria"],"_links":{"self":[{"href":"https:\/\/diarioelfederaense.com.ar\/index.php?rest_route=\/wp\/v2\/posts\/6142"}],"collection":[{"href":"https:\/\/diarioelfederaense.com.ar\/index.php?rest_route=\/wp\/v2\/posts"}],"about":[{"href":"https:\/\/diarioelfederaense.com.ar\/index.php?rest_route=\/wp\/v2\/types\/post"}],"author":[{"embeddable":true,"href":"https:\/\/diarioelfederaense.com.ar\/index.php?rest_route=\/wp\/v2\/users\/2"}],"replies":[{"embeddable":true,"href":"https:\/\/diarioelfederaense.com.ar\/index.php?rest_route=%2Fwp%2Fv2%2Fcomments&post=6142"}],"version-history":[{"count":1,"href":"https:\/\/diarioelfederaense.com.ar\/index.php?rest_route=\/wp\/v2\/posts\/6142\/revisions"}],"predecessor-version":[{"id":6144,"href":"https:\/\/diarioelfederaense.com.ar\/index.php?rest_route=\/wp\/v2\/posts\/6142\/revisions\/6144"}],"wp:featuredmedia":[{"embeddable":true,"href":"https:\/\/diarioelfederaense.com.ar\/index.php?rest_route=\/wp\/v2\/media\/6143"}],"wp:attachment":[{"href":"https:\/\/diarioelfederaense.com.ar\/index.php?rest_route=%2Fwp%2Fv2%2Fmedia&parent=6142"}],"wp:term":[{"taxonomy":"category","embeddable":true,"href":"https:\/\/diarioelfederaense.com.ar\/index.php?rest_route=%2Fwp%2Fv2%2Fcategories&post=6142"},{"taxonomy":"post_tag","embeddable":true,"href":"https:\/\/diarioelfederaense.com.ar\/index.php?rest_route=%2Fwp%2Fv2%2Ftags&post=6142"}],"curies":[{"name":"wp","href":"https:\/\/api.w.org\/{rel}","templated":true}]}}