{"id":6133,"date":"2025-12-02T08:45:44","date_gmt":"2025-12-02T11:45:44","guid":{"rendered":"https:\/\/diarioelfederaense.com.ar\/?p=6133"},"modified":"2025-12-02T08:45:45","modified_gmt":"2025-12-02T11:45:45","slug":"fallecio-el-medico-daniel-ojeda-cumplia-condena-por-la-muerte-de-dos-pacientes-en-cirugias-clandestinas","status":"publish","type":"post","link":"https:\/\/diarioelfederaense.com.ar\/?p=6133","title":{"rendered":"Falleci\u00f3 el m\u00e9dico Daniel Ojeda: cumpl\u00eda condena por la muerte de dos pacientes en cirug\u00edas clandestinas"},"content":{"rendered":"\n<p>El m\u00e9dico concordiense cumpl\u00eda una pena unificada de 11 a\u00f1os por la muerte de dos pacientes y por otras intervenciones en cl\u00ednicas no habilitadas. Su fallecimiento fue confirmado por familiares directos de una v\u00edctima, aunque sin confirmar las causas del deceso.<\/p>\n\n\n\n<p>martes 02 de diciembre de 2025 | 6:24hs.<\/p>\n\n\n\n<figure class=\"wp-block-image\"><img decoding=\"async\" src=\"https:\/\/apfdigital-s3.cdn.net.ar\/s3i233\/2024\/09\/apfdigital\/images\/01\/14\/24\/1142498_d65119ae40dabd6130eccc9da205b533644b295fb455787f0b2d254cc5e497bb\/md.webp\" alt=\"\"\/><\/figure>\n\n\n\n<p>El doctor Daniel Ojeda, m\u00e9dico cirujano de 61 a\u00f1os de edad, se encontraba en una c\u00e1rcel patag\u00f3nica, cumpliendo una condena firme por homicidio y lesiones a ra\u00edz de pr\u00e1cticas est\u00e9ticas clandestinas.<\/p>\n\n\n\n<p>Ten\u00eda dos sentencias: una dictada por la Justicia de Entre R\u00edos, a ra\u00edz de la muerte en 2019 de la ciudadana uruguaya Iris Amaro (45) tras una liposucci\u00f3n realizada en Concordia; y otra de Capital Federal, por el fallecimiento en 2022 de D\u00e9bora Campos Gonz\u00e1les, intervenida en un departamento utilizado como cl\u00ednica ilegal en Villa General Mitre, public\u00f3 Diario R\u00edo Uruguay.<\/p>\n\n\n\n<p>Ambas condenas fueron finalmente unificadas por el Tribunal Oral en lo Criminal y Correccional N\u00ba1 de Buenos Aires, que fij\u00f3 una pena \u00fanica de 11 a\u00f1os de c\u00e1rcel y extendi\u00f3 a 16 a\u00f1os la prohibici\u00f3n para ejercer la medicina.<\/p>\n\n\n\n<h3 class=\"wp-block-heading\">La sentencia porte\u00f1a y el antecedente de Concordia<\/h3>\n\n\n\n<p>En el juicio desarrollado durante el a\u00f1o 2024 en CABA, Ojeda admiti\u00f3 su responsabilidad ante los magistrados Fernando Ram\u00edrez, Luis Salas y Adri\u00e1n P\u00e9rez Lance. Los jueces lo consideraron culpable de homicidio simple en concurso ideal con desobediencia a una orden judicial, asign\u00e1ndole 8 a\u00f1os de prisi\u00f3n.<\/p>\n\n\n\n<p>No obstante, al momento del fallecimiento de Campos Gonz\u00e1les, el cirujano ya ten\u00eda una condena previa de 8 a\u00f1os dictada en Concordia y una inhabilitaci\u00f3n de 16 a\u00f1os. Por esa raz\u00f3n, el tribunal porte\u00f1o dispuso la unificaci\u00f3n de penas en 11 a\u00f1os, que cumpl\u00eda en el penal de Ezeiza. Los fundamentos del fallo se conocer\u00e1n oficialmente el 1\u00ba de octubre.<\/p>\n\n\n\n<p>La Fiscal\u00eda, representada por Horacio Azzolin y la auxiliar Jazm\u00edn Auat, hab\u00eda solicitado en su alegato la pena que finalmente otorg\u00f3 el tribunal, poniendo especial \u00e9nfasis en que Ojeda oper\u00f3 violando una prohibici\u00f3n profesional vigente desde enero de 2021.<\/p>\n","protected":false},"excerpt":{"rendered":"<p>El m\u00e9dico concordiense cumpl\u00eda una pena unificada de 11 a\u00f1os por la muerte de dos pacientes y por otras intervenciones en cl\u00ednicas no habilitadas. Su fallecimiento fue confirmado por familiares directos de una v\u00edctima, aunque sin confirmar las causas del deceso. martes 02 de diciembre de 2025 | 6:24hs. El doctor Daniel Ojeda, m\u00e9dico cirujano [&hellip;]<\/p>\n","protected":false},"author":2,"featured_media":6134,"comment_status":"closed","ping_status":"closed","sticky":false,"template":"","format":"standard","meta":{"_et_pb_use_builder":"","_et_pb_old_content":"","footnotes":""},"categories":[1],"tags":[],"class_list":["post-6133","post","type-post","status-publish","format-standard","has-post-thumbnail","hentry","category-sin-categoria"],"_links":{"self":[{"href":"https:\/\/diarioelfederaense.com.ar\/index.php?rest_route=\/wp\/v2\/posts\/6133"}],"collection":[{"href":"https:\/\/diarioelfederaense.com.ar\/index.php?rest_route=\/wp\/v2\/posts"}],"about":[{"href":"https:\/\/diarioelfederaense.com.ar\/index.php?rest_route=\/wp\/v2\/types\/post"}],"author":[{"embeddable":true,"href":"https:\/\/diarioelfederaense.com.ar\/index.php?rest_route=\/wp\/v2\/users\/2"}],"replies":[{"embeddable":true,"href":"https:\/\/diarioelfederaense.com.ar\/index.php?rest_route=%2Fwp%2Fv2%2Fcomments&post=6133"}],"version-history":[{"count":1,"href":"https:\/\/diarioelfederaense.com.ar\/index.php?rest_route=\/wp\/v2\/posts\/6133\/revisions"}],"predecessor-version":[{"id":6135,"href":"https:\/\/diarioelfederaense.com.ar\/index.php?rest_route=\/wp\/v2\/posts\/6133\/revisions\/6135"}],"wp:featuredmedia":[{"embeddable":true,"href":"https:\/\/diarioelfederaense.com.ar\/index.php?rest_route=\/wp\/v2\/media\/6134"}],"wp:attachment":[{"href":"https:\/\/diarioelfederaense.com.ar\/index.php?rest_route=%2Fwp%2Fv2%2Fmedia&parent=6133"}],"wp:term":[{"taxonomy":"category","embeddable":true,"href":"https:\/\/diarioelfederaense.com.ar\/index.php?rest_route=%2Fwp%2Fv2%2Fcategories&post=6133"},{"taxonomy":"post_tag","embeddable":true,"href":"https:\/\/diarioelfederaense.com.ar\/index.php?rest_route=%2Fwp%2Fv2%2Ftags&post=6133"}],"curies":[{"name":"wp","href":"https:\/\/api.w.org\/{rel}","templated":true}]}}