{"id":5919,"date":"2025-11-20T12:00:47","date_gmt":"2025-11-20T15:00:47","guid":{"rendered":"https:\/\/diarioelfederaense.com.ar\/?p=5919"},"modified":"2025-11-20T12:00:48","modified_gmt":"2025-11-20T15:00:48","slug":"turismo-entre-rios-registra-un-80-de-reservas-para-el-fin-de-semana-largo","status":"publish","type":"post","link":"https:\/\/diarioelfederaense.com.ar\/?p=5919","title":{"rendered":"Turismo: Entre R\u00edos registra un 80% de reservas para el fin de semana largo"},"content":{"rendered":"\n<p><a><\/a>El secretario de Turismo, Jorge Satto, adelant\u00f3 que Entre R\u00edos registra altos niveles de reservas para el fin de semana largo del 21 al 24 de noviembre. Destac\u00f3 que el formato favorece al turismo de corta distancia.<\/p>\n\n\n\n<p>El \u00faltimo fin de semana extralargo del 2025 genera grandes expectativas en el sector tur\u00edstico. El per\u00edodo se extender\u00e1 desde el viernes 21 hasta el lunes 24 de noviembre, combinando un d\u00eda no laborable con fines tur\u00edsticos y un feriado nacional trasladable, lo que conformar\u00e1 un movimiento significativo en distintos destinos del pa\u00eds.<\/p>\n\n\n\n<p>El secretario de Turismo de Entre R\u00edos, Jorge Satto, explic\u00f3 que la conformaci\u00f3n de este fin de semana largo responde a \u201cla combinaci\u00f3n de las dos estrategias fijadas a nivel nacional, articulando los intereses de la actividad productiva, que suele oponerse a los feriados, y del sector tur\u00edstico, que los demanda\u201d.<\/p>\n\n\n\n<p>El fin de semana largo prev\u00e9 amplia actividad tur\u00edstica en Entre R\u00edos<\/p>\n\n\n\n<p>El funcionario destac\u00f3 que este tipo de fines de semana favorece especialmente a Entre R\u00edos: \u201cEl fin de semana largo es el formato que mejor le cabe a la provincia, porque se trata de un turismo de corta distancia, espont\u00e1neo, que llega r\u00e1pido desde provincias vecinas\u201d.<\/p>\n\n\n\n<p>A\u00f1adi\u00f3 que la provincia trabaja para recuperar la estad\u00eda larga: \u201cHay que generar atractivos y entretenimientos que motiven a estirar la permanencia. Por eso impulsamos las microrregiones, para ofrecer circuitos variados: bodegas, museos, fiestas populares, termas, playa y r\u00edo. Si el turista piensa en venir tres d\u00edas, tratamos de que se quede cuatro o cinco\u201d.<\/p>\n\n\n\n<p>Reservas que anticipan un movimiento importante<\/p>\n\n\n\n<p>El secretario indic\u00f3 que varias ciudades ya reportaron niveles muy altos de ocupaci\u00f3n. \u201cLas reservas rondan el 80%, y cuando ten\u00e9s ese porcentaje, seguro que est\u00e1s muy bien, por no decir colmado. Esto ya est\u00e1 pasando en Villa Elisa, Concepci\u00f3n del Uruguay, Gualeguaych\u00fa y otras localidades que informaron muy buenos n\u00fameros\u201d, afirm\u00f3.<\/p>\n\n\n\n<p>Si bien aclar\u00f3 que la reserva \u201ces un indicador d\u00e9bil porque no refleja exactamente lo que ocurrir\u00e1\u201d, se\u00f1al\u00f3 que los datos permiten prever un fin de semana exitoso para el sector.<\/p>\n\n\n\n<p>Turismo: Entre R&amp;iacute;os registra un 80% de reservas para el fin de semana largo<\/p>\n\n\n\n<p>Turismo: Entre R\u00edos registra un 80% de reservas para el fin de semana largo<\/p>\n\n\n\n<p>Promoci\u00f3n internacional y desaf\u00edos del tipo de cambio<\/p>\n\n\n\n<p>Satto tambi\u00e9n mencion\u00f3 el trabajo con mercados regionales. \u201cM\u00e1s all\u00e1 del tipo de cambio, que no podemos controlar, trabajamos en vender un producto atractivo para uruguayos y paraguayos. Hemos ido dos a\u00f1os seguidos a su feria internacional para promocionar Entre R\u00edos. Muchos ya llegan al norte de la provincia por pesca o de paso hacia Buenos Aires\u201d, se\u00f1al\u00f3.<\/p>\n\n\n\n<p>Coment\u00f3 adem\u00e1s que se realizaron gestiones con agencias de viaje de Asunci\u00f3n para ofrecer destinos entrerrianos, y que el inter\u00e9s en Uruguay contin\u00faa creciendo. \u201cTenemos que lograr que el uruguayo se interese por nuestros productos, m\u00e1s all\u00e1 de si le conviene o no el cambio\u201d.<\/p>\n\n\n\n<p>Por \u00faltimo, adelant\u00f3 que la provincia proyecta ampliar su alcance regional: \u201cEn el sur de Brasil vamos a empezar a trabajar con fuerza el a\u00f1o que viene. Vamos paso a paso\u201d.<\/p>\n","protected":false},"excerpt":{"rendered":"<p>El secretario de Turismo, Jorge Satto, adelant\u00f3 que Entre R\u00edos registra altos niveles de reservas para el fin de semana largo del 21 al 24 de noviembre. Destac\u00f3 que el formato favorece al turismo de corta distancia. El \u00faltimo fin de semana extralargo del 2025 genera grandes expectativas en el sector tur\u00edstico. El per\u00edodo se [&hellip;]<\/p>\n","protected":false},"author":2,"featured_media":5920,"comment_status":"closed","ping_status":"closed","sticky":false,"template":"","format":"standard","meta":{"_et_pb_use_builder":"","_et_pb_old_content":"","footnotes":""},"categories":[1],"tags":[],"class_list":["post-5919","post","type-post","status-publish","format-standard","has-post-thumbnail","hentry","category-sin-categoria"],"_links":{"self":[{"href":"https:\/\/diarioelfederaense.com.ar\/index.php?rest_route=\/wp\/v2\/posts\/5919"}],"collection":[{"href":"https:\/\/diarioelfederaense.com.ar\/index.php?rest_route=\/wp\/v2\/posts"}],"about":[{"href":"https:\/\/diarioelfederaense.com.ar\/index.php?rest_route=\/wp\/v2\/types\/post"}],"author":[{"embeddable":true,"href":"https:\/\/diarioelfederaense.com.ar\/index.php?rest_route=\/wp\/v2\/users\/2"}],"replies":[{"embeddable":true,"href":"https:\/\/diarioelfederaense.com.ar\/index.php?rest_route=%2Fwp%2Fv2%2Fcomments&post=5919"}],"version-history":[{"count":1,"href":"https:\/\/diarioelfederaense.com.ar\/index.php?rest_route=\/wp\/v2\/posts\/5919\/revisions"}],"predecessor-version":[{"id":5921,"href":"https:\/\/diarioelfederaense.com.ar\/index.php?rest_route=\/wp\/v2\/posts\/5919\/revisions\/5921"}],"wp:featuredmedia":[{"embeddable":true,"href":"https:\/\/diarioelfederaense.com.ar\/index.php?rest_route=\/wp\/v2\/media\/5920"}],"wp:attachment":[{"href":"https:\/\/diarioelfederaense.com.ar\/index.php?rest_route=%2Fwp%2Fv2%2Fmedia&parent=5919"}],"wp:term":[{"taxonomy":"category","embeddable":true,"href":"https:\/\/diarioelfederaense.com.ar\/index.php?rest_route=%2Fwp%2Fv2%2Fcategories&post=5919"},{"taxonomy":"post_tag","embeddable":true,"href":"https:\/\/diarioelfederaense.com.ar\/index.php?rest_route=%2Fwp%2Fv2%2Ftags&post=5919"}],"curies":[{"name":"wp","href":"https:\/\/api.w.org\/{rel}","templated":true}]}}