{"id":5784,"date":"2025-11-14T14:07:02","date_gmt":"2025-11-14T17:07:02","guid":{"rendered":"https:\/\/diarioelfederaense.com.ar\/?p=5784"},"modified":"2025-11-14T14:07:03","modified_gmt":"2025-11-14T17:07:03","slug":"acuerdo-comercial-con-ee-uu-el-sector-citricola-entrerriano-espera-ser-parte","status":"publish","type":"post","link":"https:\/\/diarioelfederaense.com.ar\/?p=5784","title":{"rendered":"Acuerdo comercial con EE. UU.: El sector citr\u00edcola entrerriano espera ser parte"},"content":{"rendered":"\n<p>Aunque el reciente acuerdo comercial entre Argentina y Estados Unidos no menciona expl\u00edcitamente la inclusi\u00f3n de naranjas y mandarinas argentinas, el sector citr\u00edcola del NEA se muestra optimista. Referentes de la actividad esperan que el fortalecimiento del v\u00ednculo bilateral acelere la apertura del mercado norteamericano para el citrus dulce, un proceso que lleva d\u00e9cadas en espera.<\/p>\n\n\n\n<p><\/p>\n\n\n\n<p>Argentina y Estados Unidos acaban de anunciar este jueves un&nbsp;<strong>\u201chist\u00f3rico\u201d acuerdo comercial<\/strong>. Seg\u00fan lo publicado por&nbsp;<em>La Naci\u00f3n<\/em>, con la firma de&nbsp;<strong>Belkis Mart\u00ednez<\/strong>, el pacto \u201chabilita la entrada de&nbsp;<strong>ganado bovino vivo, carne aviar, productos porcinos y l\u00e1cteos<\/strong>&nbsp;desde ese pa\u00eds, entre otros rubros, mientras que la Argentina espera&nbsp;<strong>mayores oportunidades para la carne vacuna<\/strong>\u201d.<\/p>\n\n\n\n<p>Por el momento, no hay menci\u00f3n alguna al&nbsp;<strong>citrus dulce<\/strong>&nbsp;de la regi\u00f3n nordeste (NEA), que desde hace d\u00e9cadas aguarda la apertura del mercado norteamericano. No obstante, en el sector hay un clima de&nbsp;<strong>optimismo<\/strong>, bajo la premisa de que el fortalecimiento del v\u00ednculo entre ambos pa\u00edses esta vez podr\u00e1 derribar todas las trabas.<\/p>\n\n\n\n<p>\u201cPor ahora estamos esperando la&nbsp;<strong>consulta p\u00fablica<\/strong>&nbsp;que tiene que hacer el gobierno de Estados Unidos\u201d, explic\u00f3 un referente del sector. Enseguida, resalt\u00f3: \u201cesta noticia \u2013por el acuerdo\u2013 es&nbsp;<strong>muy buena por la fortaleza de la relaci\u00f3n<\/strong>&nbsp;entre ambos pa\u00edses\u201d.<\/p>\n\n\n\n<p>El dirigente citr\u00edcola consider\u00f3 muy probable que \u201cen los pr\u00f3ximos d\u00edas, sobre fin de mes o&nbsp;<strong>primera semana de diciembre<\/strong>, est\u00e9 viajando gente del&nbsp;<strong>sector exportador del NEA<\/strong>&nbsp;para hablar con el secretario de Agricultura de Estados Unidos, con el prop\u00f3sito de&nbsp;<strong>avanzar en el tema<\/strong>\u201d, public\u00f3&nbsp;<em>El Entre R\u00edos.&nbsp;<\/em><\/p>\n","protected":false},"excerpt":{"rendered":"<p>Aunque el reciente acuerdo comercial entre Argentina y Estados Unidos no menciona expl\u00edcitamente la inclusi\u00f3n de naranjas y mandarinas argentinas, el sector citr\u00edcola del NEA se muestra optimista. Referentes de la actividad esperan que el fortalecimiento del v\u00ednculo bilateral acelere la apertura del mercado norteamericano para el citrus dulce, un proceso que lleva d\u00e9cadas en [&hellip;]<\/p>\n","protected":false},"author":2,"featured_media":5785,"comment_status":"closed","ping_status":"closed","sticky":false,"template":"","format":"standard","meta":{"_et_pb_use_builder":"","_et_pb_old_content":"","footnotes":""},"categories":[1],"tags":[],"class_list":["post-5784","post","type-post","status-publish","format-standard","has-post-thumbnail","hentry","category-sin-categoria"],"_links":{"self":[{"href":"https:\/\/diarioelfederaense.com.ar\/index.php?rest_route=\/wp\/v2\/posts\/5784"}],"collection":[{"href":"https:\/\/diarioelfederaense.com.ar\/index.php?rest_route=\/wp\/v2\/posts"}],"about":[{"href":"https:\/\/diarioelfederaense.com.ar\/index.php?rest_route=\/wp\/v2\/types\/post"}],"author":[{"embeddable":true,"href":"https:\/\/diarioelfederaense.com.ar\/index.php?rest_route=\/wp\/v2\/users\/2"}],"replies":[{"embeddable":true,"href":"https:\/\/diarioelfederaense.com.ar\/index.php?rest_route=%2Fwp%2Fv2%2Fcomments&post=5784"}],"version-history":[{"count":1,"href":"https:\/\/diarioelfederaense.com.ar\/index.php?rest_route=\/wp\/v2\/posts\/5784\/revisions"}],"predecessor-version":[{"id":5786,"href":"https:\/\/diarioelfederaense.com.ar\/index.php?rest_route=\/wp\/v2\/posts\/5784\/revisions\/5786"}],"wp:featuredmedia":[{"embeddable":true,"href":"https:\/\/diarioelfederaense.com.ar\/index.php?rest_route=\/wp\/v2\/media\/5785"}],"wp:attachment":[{"href":"https:\/\/diarioelfederaense.com.ar\/index.php?rest_route=%2Fwp%2Fv2%2Fmedia&parent=5784"}],"wp:term":[{"taxonomy":"category","embeddable":true,"href":"https:\/\/diarioelfederaense.com.ar\/index.php?rest_route=%2Fwp%2Fv2%2Fcategories&post=5784"},{"taxonomy":"post_tag","embeddable":true,"href":"https:\/\/diarioelfederaense.com.ar\/index.php?rest_route=%2Fwp%2Fv2%2Ftags&post=5784"}],"curies":[{"name":"wp","href":"https:\/\/api.w.org\/{rel}","templated":true}]}}