{"id":5781,"date":"2025-11-12T17:22:10","date_gmt":"2025-11-12T20:22:10","guid":{"rendered":"https:\/\/diarioelfederaense.com.ar\/?p=5781"},"modified":"2025-11-12T17:22:11","modified_gmt":"2025-11-12T20:22:11","slug":"la-inflacion-de-octubre-fue-de-23-y-acumulo-313-en-los-ultimos-doce-meses","status":"publish","type":"post","link":"https:\/\/diarioelfederaense.com.ar\/?p=5781","title":{"rendered":"LA INFLACI\u00d3N DE OCTUBRE FUE DE 2,3% Y ACUMUL\u00d3 31,3% EN LOS \u00daLTIMOS DOCE MESES"},"content":{"rendered":"\n<p><a><\/a>El Indec difundi\u00f3 la variaci\u00f3n de precios correspondiente al mes pasado. En lo que va del a\u00f1o, el \u00cdndice de Precios al Consumidor ya se increment\u00f3 un 24,8%<\/p>\n\n\n\n<p>Luego del 2,1% de septiembre, la inflaci\u00f3n present\u00f3 una leve aceleraci\u00f3n en octubre, al alcanzar el 2,3%, seg\u00fan el Instituto Nacional de Estad\u00edstica y Censos (Indec). Con este dato, la variaci\u00f3n para los \u00faltimos doce meses fue de 31,3% y acumul\u00f3 24,8% en lo que va del 2025.<\/p>\n\n\n\n<p>De acuerdo al informe del Indec, Transporte registr\u00f3 el mayor incremento mensual, con un 3,5%. A continuaci\u00f3n, se ubic\u00f3 Vivienda, agua, electricidad, gas y otros combustibles, con una suba del 2,8%. En cuanto a la incidencia regional en la variaci\u00f3n del mes, Alimentos y bebidas no alcoh\u00f3licas (2,3%) fue el rubro de mayor impacto, salvo en la regi\u00f3n Patagonia, donde ese lugar correspondi\u00f3 a Vivienda, agua, electricidad, gas y otros combustibles.<\/p>\n\n\n\n<p>Por otro lado, Equipamiento y mantenimiento del hogar y Recreaci\u00f3n y cultura presentaron los aumentos m\u00e1s bajos, ambos con 1,6%. Entre las categor\u00edas, los precios estacionales encabezaron el alza con 2,8%, seguidos por los regulados (2,6%) y el IPC n\u00facleo (2,2%), que no contempla ni regulados ni estacionales.<\/p>\n","protected":false},"excerpt":{"rendered":"<p>El Indec difundi\u00f3 la variaci\u00f3n de precios correspondiente al mes pasado. En lo que va del a\u00f1o, el \u00cdndice de Precios al Consumidor ya se increment\u00f3 un 24,8% Luego del 2,1% de septiembre, la inflaci\u00f3n present\u00f3 una leve aceleraci\u00f3n en octubre, al alcanzar el 2,3%, seg\u00fan el Instituto Nacional de Estad\u00edstica y Censos (Indec). Con [&hellip;]<\/p>\n","protected":false},"author":2,"featured_media":5782,"comment_status":"closed","ping_status":"closed","sticky":false,"template":"","format":"standard","meta":{"_et_pb_use_builder":"","_et_pb_old_content":"","footnotes":""},"categories":[1],"tags":[],"class_list":["post-5781","post","type-post","status-publish","format-standard","has-post-thumbnail","hentry","category-sin-categoria"],"_links":{"self":[{"href":"https:\/\/diarioelfederaense.com.ar\/index.php?rest_route=\/wp\/v2\/posts\/5781"}],"collection":[{"href":"https:\/\/diarioelfederaense.com.ar\/index.php?rest_route=\/wp\/v2\/posts"}],"about":[{"href":"https:\/\/diarioelfederaense.com.ar\/index.php?rest_route=\/wp\/v2\/types\/post"}],"author":[{"embeddable":true,"href":"https:\/\/diarioelfederaense.com.ar\/index.php?rest_route=\/wp\/v2\/users\/2"}],"replies":[{"embeddable":true,"href":"https:\/\/diarioelfederaense.com.ar\/index.php?rest_route=%2Fwp%2Fv2%2Fcomments&post=5781"}],"version-history":[{"count":1,"href":"https:\/\/diarioelfederaense.com.ar\/index.php?rest_route=\/wp\/v2\/posts\/5781\/revisions"}],"predecessor-version":[{"id":5783,"href":"https:\/\/diarioelfederaense.com.ar\/index.php?rest_route=\/wp\/v2\/posts\/5781\/revisions\/5783"}],"wp:featuredmedia":[{"embeddable":true,"href":"https:\/\/diarioelfederaense.com.ar\/index.php?rest_route=\/wp\/v2\/media\/5782"}],"wp:attachment":[{"href":"https:\/\/diarioelfederaense.com.ar\/index.php?rest_route=%2Fwp%2Fv2%2Fmedia&parent=5781"}],"wp:term":[{"taxonomy":"category","embeddable":true,"href":"https:\/\/diarioelfederaense.com.ar\/index.php?rest_route=%2Fwp%2Fv2%2Fcategories&post=5781"},{"taxonomy":"post_tag","embeddable":true,"href":"https:\/\/diarioelfederaense.com.ar\/index.php?rest_route=%2Fwp%2Fv2%2Ftags&post=5781"}],"curies":[{"name":"wp","href":"https:\/\/api.w.org\/{rel}","templated":true}]}}