{"id":5778,"date":"2025-11-12T14:29:05","date_gmt":"2025-11-12T17:29:05","guid":{"rendered":"https:\/\/diarioelfederaense.com.ar\/?p=5778"},"modified":"2025-11-12T14:29:05","modified_gmt":"2025-11-12T17:29:05","slug":"telefono-para-aplaudidores-de-galimberti-la-miramos-de-lejos","status":"publish","type":"post","link":"https:\/\/diarioelfederaense.com.ar\/?p=5778","title":{"rendered":"TEL\u00c9FONO PARA APLAUDIDORES DE GALIMBERTI: LA MIRAMOS DE LEJOS&#8230;"},"content":{"rendered":"\n<p>LA CTM DONAR\u00c1 UNA <a><\/a>AMBULANCIA AL HOSPITAL SANTA ROSA DE CHAJAR\u00cd.<\/p>\n\n\n\n<p>En la jornada de este mi\u00e9rcoles, 12 de noviembre, a las 15:00 horas, el hospital Santa Rosa de la ciudad de Chajar\u00ed recibir\u00e1 una ambulancia cero kilometro de mediana complejidad donada por la Delegaci\u00f3n Argentina ante la Comisi\u00f3n T\u00e9cnica Mixta de Salto Grande (CTM).<\/p>\n\n\n\n<p>Se contar\u00e1 con la presencia del Ministro de Salud de Entre R\u00edos, Dr. Daniel Blanzaco, y del Secretario de Salud, Dr. Daniel Valentinuz.<\/p>\n","protected":false},"excerpt":{"rendered":"<p>LA CTM DONAR\u00c1 UNA AMBULANCIA AL HOSPITAL SANTA ROSA DE CHAJAR\u00cd. En la jornada de este mi\u00e9rcoles, 12 de noviembre, a las 15:00 horas, el hospital Santa Rosa de la ciudad de Chajar\u00ed recibir\u00e1 una ambulancia cero kilometro de mediana complejidad donada por la Delegaci\u00f3n Argentina ante la Comisi\u00f3n T\u00e9cnica Mixta de Salto Grande (CTM). [&hellip;]<\/p>\n","protected":false},"author":2,"featured_media":5779,"comment_status":"closed","ping_status":"closed","sticky":false,"template":"","format":"standard","meta":{"_et_pb_use_builder":"","_et_pb_old_content":"","footnotes":""},"categories":[1],"tags":[],"class_list":["post-5778","post","type-post","status-publish","format-standard","has-post-thumbnail","hentry","category-sin-categoria"],"_links":{"self":[{"href":"https:\/\/diarioelfederaense.com.ar\/index.php?rest_route=\/wp\/v2\/posts\/5778"}],"collection":[{"href":"https:\/\/diarioelfederaense.com.ar\/index.php?rest_route=\/wp\/v2\/posts"}],"about":[{"href":"https:\/\/diarioelfederaense.com.ar\/index.php?rest_route=\/wp\/v2\/types\/post"}],"author":[{"embeddable":true,"href":"https:\/\/diarioelfederaense.com.ar\/index.php?rest_route=\/wp\/v2\/users\/2"}],"replies":[{"embeddable":true,"href":"https:\/\/diarioelfederaense.com.ar\/index.php?rest_route=%2Fwp%2Fv2%2Fcomments&post=5778"}],"version-history":[{"count":1,"href":"https:\/\/diarioelfederaense.com.ar\/index.php?rest_route=\/wp\/v2\/posts\/5778\/revisions"}],"predecessor-version":[{"id":5780,"href":"https:\/\/diarioelfederaense.com.ar\/index.php?rest_route=\/wp\/v2\/posts\/5778\/revisions\/5780"}],"wp:featuredmedia":[{"embeddable":true,"href":"https:\/\/diarioelfederaense.com.ar\/index.php?rest_route=\/wp\/v2\/media\/5779"}],"wp:attachment":[{"href":"https:\/\/diarioelfederaense.com.ar\/index.php?rest_route=%2Fwp%2Fv2%2Fmedia&parent=5778"}],"wp:term":[{"taxonomy":"category","embeddable":true,"href":"https:\/\/diarioelfederaense.com.ar\/index.php?rest_route=%2Fwp%2Fv2%2Fcategories&post=5778"},{"taxonomy":"post_tag","embeddable":true,"href":"https:\/\/diarioelfederaense.com.ar\/index.php?rest_route=%2Fwp%2Fv2%2Ftags&post=5778"}],"curies":[{"name":"wp","href":"https:\/\/api.w.org\/{rel}","templated":true}]}}