{"id":5759,"date":"2025-11-11T12:58:28","date_gmt":"2025-11-11T15:58:28","guid":{"rendered":"https:\/\/diarioelfederaense.com.ar\/?p=5759"},"modified":"2025-11-11T12:58:28","modified_gmt":"2025-11-11T15:58:28","slug":"los-nocheros-y-lucas-sugo-actuaran-en-la-fiesta-nacional-de-la-sandia","status":"publish","type":"post","link":"https:\/\/diarioelfederaense.com.ar\/?p=5759","title":{"rendered":"Los Nocheros y Lucas Sugo actuar\u00e1n en la Fiesta Nacional de la Sand\u00eda"},"content":{"rendered":"\n<p>El viernes 16, s\u00e1bado 17 y domingo 18 de enero de 2026 se realizar\u00e1 en la vecina localidad de Santa Ana la 11\u00b0 Fiesta Nacional de la Sand\u00eda y en las ultimas horas se dio a conocer parte de su cartelera de artistas.<\/p>\n\n\n\n<p>Desde las redes sociales del municipio confirmaron la presencia de Los Nocheros, Lucas Sugo, Michelle Mosna, Monchito Merlo, Miguel Figueroa y su conjunto, el Vikingo Correa, tributo al rock nacional, la Octava y Klandestinos.<\/p>\n\n\n\n<p>En los pr\u00f3ximos d\u00edas se conocer\u00e1n mayores detalles de esta nueva edici\u00f3n de la fiesta nacional, como por ejemplo, qu\u00e9 d\u00eda actuar\u00e1 cada artista, precios de entradas y horarios estimados.<\/p>\n\n\n\n<p>Asimismo, cabe decir que Los Nocheros actuar\u00edan el d\u00eda s\u00e1bado y Lucas Sugo, el domingo.<\/p>\n","protected":false},"excerpt":{"rendered":"<p>El viernes 16, s\u00e1bado 17 y domingo 18 de enero de 2026 se realizar\u00e1 en la vecina localidad de Santa Ana la 11\u00b0 Fiesta Nacional de la Sand\u00eda y en las ultimas horas se dio a conocer parte de su cartelera de artistas. Desde las redes sociales del municipio confirmaron la presencia de Los Nocheros, [&hellip;]<\/p>\n","protected":false},"author":2,"featured_media":5760,"comment_status":"closed","ping_status":"closed","sticky":false,"template":"","format":"standard","meta":{"_et_pb_use_builder":"","_et_pb_old_content":"","footnotes":""},"categories":[1],"tags":[],"class_list":["post-5759","post","type-post","status-publish","format-standard","has-post-thumbnail","hentry","category-sin-categoria"],"_links":{"self":[{"href":"https:\/\/diarioelfederaense.com.ar\/index.php?rest_route=\/wp\/v2\/posts\/5759"}],"collection":[{"href":"https:\/\/diarioelfederaense.com.ar\/index.php?rest_route=\/wp\/v2\/posts"}],"about":[{"href":"https:\/\/diarioelfederaense.com.ar\/index.php?rest_route=\/wp\/v2\/types\/post"}],"author":[{"embeddable":true,"href":"https:\/\/diarioelfederaense.com.ar\/index.php?rest_route=\/wp\/v2\/users\/2"}],"replies":[{"embeddable":true,"href":"https:\/\/diarioelfederaense.com.ar\/index.php?rest_route=%2Fwp%2Fv2%2Fcomments&post=5759"}],"version-history":[{"count":1,"href":"https:\/\/diarioelfederaense.com.ar\/index.php?rest_route=\/wp\/v2\/posts\/5759\/revisions"}],"predecessor-version":[{"id":5761,"href":"https:\/\/diarioelfederaense.com.ar\/index.php?rest_route=\/wp\/v2\/posts\/5759\/revisions\/5761"}],"wp:featuredmedia":[{"embeddable":true,"href":"https:\/\/diarioelfederaense.com.ar\/index.php?rest_route=\/wp\/v2\/media\/5760"}],"wp:attachment":[{"href":"https:\/\/diarioelfederaense.com.ar\/index.php?rest_route=%2Fwp%2Fv2%2Fmedia&parent=5759"}],"wp:term":[{"taxonomy":"category","embeddable":true,"href":"https:\/\/diarioelfederaense.com.ar\/index.php?rest_route=%2Fwp%2Fv2%2Fcategories&post=5759"},{"taxonomy":"post_tag","embeddable":true,"href":"https:\/\/diarioelfederaense.com.ar\/index.php?rest_route=%2Fwp%2Fv2%2Ftags&post=5759"}],"curies":[{"name":"wp","href":"https:\/\/api.w.org\/{rel}","templated":true}]}}