{"id":5744,"date":"2025-11-10T23:14:37","date_gmt":"2025-11-11T02:14:37","guid":{"rendered":"https:\/\/diarioelfederaense.com.ar\/?p=5744"},"modified":"2025-11-10T23:14:38","modified_gmt":"2025-11-11T02:14:38","slug":"leandro-silvestri-anuncia-auditoria-y-cambios-en-el-estatuto-del-club-social-y-deportivo-federacion","status":"publish","type":"post","link":"https:\/\/diarioelfederaense.com.ar\/?p=5744","title":{"rendered":"Leandro Silvestri anuncia auditor\u00eda y cambios en el estatuto del Club Social y Deportivo Federaci\u00f3n"},"content":{"rendered":"\n<p><a><\/a>En el ingreso al gimnasio del Club Social y Deportivo Federaci\u00f3n por Secretaria, se concret\u00f3 la entrega formal de la conducci\u00f3n de la instituci\u00f3n a la nueva comisi\u00f3n encabezada por Leandro Silvestri, representante de la lista \u201cTodos por el Celeste\u201d, que recientemente obtuvo el triunfo en las elecciones del club.<\/p>\n\n\n\n<p>Durante el acto, se realiz\u00f3 una revisi\u00f3n administrativa preliminar mientras los documentos contables permanecen bajo an\u00e1lisis del contador. En di\u00e1logo con La \u00daltima Campana, Leandro Silvestri expres\u00f3 su satisfacci\u00f3n por el acompa\u00f1amiento de los integrantes de su lista y destac\u00f3 que la transici\u00f3n se desarrolla \u201ccon normalidad y en un clima de respeto institucional\u201d.<\/p>\n\n\n\n<p>\u201cFue un traspaso formal, los papeles est\u00e1n en el contador y eso se ver\u00e1 en otro momento. Pero todo bien, el club viene funcionando correctamente\u201d, se\u00f1al\u00f3 Silvestri.<\/p>\n\n\n\n<p>Auditor\u00eda y transparencia como ejes de gesti\u00f3n<\/p>\n\n\n\n<p>Uno de los puntos centrales que mencion\u00f3 el nuevo presidente es la intenci\u00f3n de realizar una auditor\u00eda interna del club. Seg\u00fan explic\u00f3, el objetivo es establecer un precedente de transparencia para las futuras gestiones.<\/p>\n\n\n\n<p>\u201cDesde el primer d\u00eda dijimos que quer\u00edamos hacer las cosas bien, de la forma m\u00e1s legal posible. En lo personal, me gustar\u00eda llevar adelante una auditor\u00eda del club, m\u00e1s que nada para sentar un precedente. No sabemos exactamente qu\u00e9 hay y qu\u00e9 no hay, incluso falta un libro de inventario, por ejemplo\u201d, afirm\u00f3.<\/p>\n\n\n\n<p>La auditor\u00eda permitir\u00e1 conocer el estado real de los bienes, los recursos y la documentaci\u00f3n institucional, adem\u00e1s de brindar un diagn\u00f3stico sobre el funcionamiento econ\u00f3mico y administrativo de los \u00faltimos a\u00f1os.<\/p>\n\n\n\n<p>Modificaci\u00f3n del estatuto y renovaci\u00f3n institucional<\/p>\n\n\n\n<p>Silvestri tambi\u00e9n adelant\u00f3 que entre los proyectos inmediatos se encuentra una revisi\u00f3n y posible actualizaci\u00f3n del estatuto del club, con el prop\u00f3sito de adecuarlo a los nuevos tiempos y promover una gesti\u00f3n m\u00e1s democr\u00e1tica.<\/p>\n\n\n\n<p>\u201cEl estatuto tiene puntos que deber\u00edan revisarse. Por ejemplo, la reelecci\u00f3n indefinida no puede ser algo permanente. Hay que dar lugar a otras personas y fomentar la renovaci\u00f3n\u201d, sostuvo.<\/p>\n\n\n\n<p>En cuanto a la vida deportiva y las subcomisiones, el dirigente indic\u00f3 que la intenci\u00f3n es jerarquizar las disciplinas y mantener el funcionamiento de las \u00e1reas existentes, priorizando el trabajo conjunto con los responsables de cada actividad.<\/p>\n\n\n\n<p>\u201cLas subcomisiones deben seguir funcionando. Vamos a empezar a hablar con todos para ordenar la estructura y que cada \u00e1rea tenga su representante\u201d, detall\u00f3.<\/p>\n\n\n\n<p>La nueva conducci\u00f3n del Club Social y Deportivo Federaci\u00f3n inicia as\u00ed una etapa centrada en la transparencia, el control institucional y la modernizaci\u00f3n estatutaria, con el desaf\u00edo de fortalecer tanto lo deportivo como lo administrativo, en beneficio de toda la comunidad celeste.<\/p>\n\n\n\n<p>Fuente y Redacci\u00f3n &#8211; La \u00daltima Campana<\/p>\n","protected":false},"excerpt":{"rendered":"<p>En el ingreso al gimnasio del Club Social y Deportivo Federaci\u00f3n por Secretaria, se concret\u00f3 la entrega formal de la conducci\u00f3n de la instituci\u00f3n a la nueva comisi\u00f3n encabezada por Leandro Silvestri, representante de la lista \u201cTodos por el Celeste\u201d, que recientemente obtuvo el triunfo en las elecciones del club. Durante el acto, se realiz\u00f3 [&hellip;]<\/p>\n","protected":false},"author":2,"featured_media":5745,"comment_status":"closed","ping_status":"closed","sticky":false,"template":"","format":"standard","meta":{"_et_pb_use_builder":"","_et_pb_old_content":"","footnotes":""},"categories":[1],"tags":[],"class_list":["post-5744","post","type-post","status-publish","format-standard","has-post-thumbnail","hentry","category-sin-categoria"],"_links":{"self":[{"href":"https:\/\/diarioelfederaense.com.ar\/index.php?rest_route=\/wp\/v2\/posts\/5744"}],"collection":[{"href":"https:\/\/diarioelfederaense.com.ar\/index.php?rest_route=\/wp\/v2\/posts"}],"about":[{"href":"https:\/\/diarioelfederaense.com.ar\/index.php?rest_route=\/wp\/v2\/types\/post"}],"author":[{"embeddable":true,"href":"https:\/\/diarioelfederaense.com.ar\/index.php?rest_route=\/wp\/v2\/users\/2"}],"replies":[{"embeddable":true,"href":"https:\/\/diarioelfederaense.com.ar\/index.php?rest_route=%2Fwp%2Fv2%2Fcomments&post=5744"}],"version-history":[{"count":1,"href":"https:\/\/diarioelfederaense.com.ar\/index.php?rest_route=\/wp\/v2\/posts\/5744\/revisions"}],"predecessor-version":[{"id":5746,"href":"https:\/\/diarioelfederaense.com.ar\/index.php?rest_route=\/wp\/v2\/posts\/5744\/revisions\/5746"}],"wp:featuredmedia":[{"embeddable":true,"href":"https:\/\/diarioelfederaense.com.ar\/index.php?rest_route=\/wp\/v2\/media\/5745"}],"wp:attachment":[{"href":"https:\/\/diarioelfederaense.com.ar\/index.php?rest_route=%2Fwp%2Fv2%2Fmedia&parent=5744"}],"wp:term":[{"taxonomy":"category","embeddable":true,"href":"https:\/\/diarioelfederaense.com.ar\/index.php?rest_route=%2Fwp%2Fv2%2Fcategories&post=5744"},{"taxonomy":"post_tag","embeddable":true,"href":"https:\/\/diarioelfederaense.com.ar\/index.php?rest_route=%2Fwp%2Fv2%2Ftags&post=5744"}],"curies":[{"name":"wp","href":"https:\/\/api.w.org\/{rel}","templated":true}]}}