{"id":5738,"date":"2025-11-10T17:08:54","date_gmt":"2025-11-10T20:08:54","guid":{"rendered":"https:\/\/diarioelfederaense.com.ar\/?p=5738"},"modified":"2025-11-10T17:08:54","modified_gmt":"2025-11-10T20:08:54","slug":"enersa-abrio-los-sobres-para-la-linea-y-estacion-transformadora-en-132-kv-viale","status":"publish","type":"post","link":"https:\/\/diarioelfederaense.com.ar\/?p=5738","title":{"rendered":"Enersa abri\u00f3 los sobres para la L\u00ednea y Estaci\u00f3n Transformadora en 132 kV \u201cViale\u201d"},"content":{"rendered":"\n<p>Enersa realiz\u00f3 la apertura de sobres de la licitaci\u00f3n para la construcci\u00f3n de la \u201cL\u00ednea y Estaci\u00f3n Transformadora en 132 kV \u2018Viale\u2019\u201d. Se trata de una obra estrat\u00e9gica que fortalecer\u00e1 el sistema el\u00e9ctrico en una zona clave y productiva de la Provincia. El proyecto contempla una nueva l\u00ednea de alta tensi\u00f3n entre Crespo y Viale y una estaci\u00f3n transformadora digital de \u00faltima generaci\u00f3n en la ciudad de Viale.<\/p>\n\n\n\n<p>La obra forma parte de un plan integral que impulsa Enersa junto al Gobierno provincial para garantizar el abastecimiento energ\u00e9tico en zonas productivas con alto potencial de desarrollo. Adem\u00e1s, prev\u00e9 una inversi\u00f3n que mejorar\u00e1 la calidad del servicio, incrementar\u00e1 la confiabilidad del sistema y acompa\u00f1ar\u00e1 el crecimiento urbano, rural e industrial de la regi\u00f3n.<\/p>\n\n\n\n<p>Cabe destacar que \u00e9sta ser\u00e1 la primera estaci\u00f3n transformadora de \u00edndole digital e inteligente de la Provincia, y una de las primeras de su tipo en el pa\u00eds.<\/p>\n\n\n\n<p>Durante el acto, el presidente de Enersa, Uriel Brupbacher, expres\u00f3: \u201cDecidir avanzar con esta obra significa mucho m\u00e1s que sumar infraestructura. Significa estar a la altura de las necesidades energ\u00e9ticas de una regi\u00f3n que est\u00e1 creciendo y que necesita respuestas concretas. Viale no solo necesita esta obra, la merece. Y por eso estamos ac\u00e1, cumpliendo con nuestro compromiso.\u201d<\/p>\n\n\n\n<p>Por su parte, el gerente general Jorge Tarchini destac\u00f3: \u201cEsta obra es parte de una planificaci\u00f3n estrat\u00e9gica que venimos trabajando. Va a beneficiar directamente a miles de usuarios y nos permite avanzar hacia un sistema m\u00e1s moderno y confiable.\u201d<\/p>\n\n\n\n<p>El acto de apertura se realiz\u00f3 en el Sal\u00f3n de Usos M\u00faltiples del Parque Industrial Viale. Se recibieron 11 ofertas y cont\u00f3, adem\u00e1s de las autoridades de Enersa, con la participaci\u00f3n de la secretaria de Energ\u00eda de Entre R\u00edos, Noelia Zapata, el intendente de Viale, Carlos Weiss, autoridades locales y representantes de las empresas oferentes.<\/p>\n","protected":false},"excerpt":{"rendered":"<p>Enersa realiz\u00f3 la apertura de sobres de la licitaci\u00f3n para la construcci\u00f3n de la \u201cL\u00ednea y Estaci\u00f3n Transformadora en 132 kV \u2018Viale\u2019\u201d. Se trata de una obra estrat\u00e9gica que fortalecer\u00e1 el sistema el\u00e9ctrico en una zona clave y productiva de la Provincia. El proyecto contempla una nueva l\u00ednea de alta tensi\u00f3n entre Crespo y Viale [&hellip;]<\/p>\n","protected":false},"author":2,"featured_media":5739,"comment_status":"closed","ping_status":"closed","sticky":false,"template":"","format":"standard","meta":{"_et_pb_use_builder":"","_et_pb_old_content":"","footnotes":""},"categories":[1],"tags":[],"class_list":["post-5738","post","type-post","status-publish","format-standard","has-post-thumbnail","hentry","category-sin-categoria"],"_links":{"self":[{"href":"https:\/\/diarioelfederaense.com.ar\/index.php?rest_route=\/wp\/v2\/posts\/5738"}],"collection":[{"href":"https:\/\/diarioelfederaense.com.ar\/index.php?rest_route=\/wp\/v2\/posts"}],"about":[{"href":"https:\/\/diarioelfederaense.com.ar\/index.php?rest_route=\/wp\/v2\/types\/post"}],"author":[{"embeddable":true,"href":"https:\/\/diarioelfederaense.com.ar\/index.php?rest_route=\/wp\/v2\/users\/2"}],"replies":[{"embeddable":true,"href":"https:\/\/diarioelfederaense.com.ar\/index.php?rest_route=%2Fwp%2Fv2%2Fcomments&post=5738"}],"version-history":[{"count":1,"href":"https:\/\/diarioelfederaense.com.ar\/index.php?rest_route=\/wp\/v2\/posts\/5738\/revisions"}],"predecessor-version":[{"id":5740,"href":"https:\/\/diarioelfederaense.com.ar\/index.php?rest_route=\/wp\/v2\/posts\/5738\/revisions\/5740"}],"wp:featuredmedia":[{"embeddable":true,"href":"https:\/\/diarioelfederaense.com.ar\/index.php?rest_route=\/wp\/v2\/media\/5739"}],"wp:attachment":[{"href":"https:\/\/diarioelfederaense.com.ar\/index.php?rest_route=%2Fwp%2Fv2%2Fmedia&parent=5738"}],"wp:term":[{"taxonomy":"category","embeddable":true,"href":"https:\/\/diarioelfederaense.com.ar\/index.php?rest_route=%2Fwp%2Fv2%2Fcategories&post=5738"},{"taxonomy":"post_tag","embeddable":true,"href":"https:\/\/diarioelfederaense.com.ar\/index.php?rest_route=%2Fwp%2Fv2%2Ftags&post=5738"}],"curies":[{"name":"wp","href":"https:\/\/api.w.org\/{rel}","templated":true}]}}