{"id":5727,"date":"2025-11-10T14:40:06","date_gmt":"2025-11-10T17:40:06","guid":{"rendered":"https:\/\/diarioelfederaense.com.ar\/?p=5727"},"modified":"2025-11-10T14:42:08","modified_gmt":"2025-11-10T17:42:08","slug":"alerta-roja-para-nuestro-lado-temporada-de-verano-record-en-punta-del-este-por-boom-de-reservas-de-argentinos-cuanto-cuesta-alquilar","status":"publish","type":"post","link":"https:\/\/diarioelfederaense.com.ar\/?p=5727","title":{"rendered":"ALERTA ROJA PARA NUESTRO LADO: Temporada de verano r\u00e9cord en Punta del Este por boom de reservas de argentinos: cu\u00e1nto cuesta alquilar"},"content":{"rendered":"\n<h2 class=\"wp-block-heading\">El sector tur\u00edstico de Uruguay anticipa que ser\u00e1 un gran verano para Punta Del Este. Los alquileres premium frente al mar fueron los primeros que se reservaron.<\/h2>\n\n\n\n<figure class=\"wp-block-image\"><img decoding=\"async\" src=\"https:\/\/media.ambito.com\/p\/2fc8c10a954baf8a53529d3a60e283ff\/adjuntos\/239\/imagenes\/038\/498\/0038498230\/punta-del-estejpg.jpg\" alt=\"Se espera una excelente temporada en Punta del Este.\"\/><figcaption class=\"wp-element-caption\">Se espera una excelente temporada en Punta del Este.<\/figcaption><\/figure>\n\n\n\n<p>Miles de turistas argentinos ya aseguraron su lugar para pasar&nbsp;<a href=\"https:\/\/www.ambito.com\/negocios\/solanas-punta-del-este-la-temporada-2026-llega-novedades-n6206960\" target=\"_blank\" rel=\"noreferrer noopener\"><strong>las fiestas y el verano 2026 en<\/strong>&nbsp;<strong>Punta del Este<\/strong><\/a><strong>.<\/strong>&nbsp;Las inmobiliarias y operadores tur\u00edsticos uruguayos coinciden en que se avecina una de las mejores temporadas de los \u00faltimos a\u00f1os, con un nivel de reservas que crece semana a semana y un tipo de cambio m\u00e1s equilibrado que vuelve a hacer del balneario&nbsp;<em><strong>este\u00f1o<\/strong><\/em>&nbsp;un destino muy buscado por los argentinos.<\/p>\n\n\n\n<h2 class=\"wp-block-heading\"><strong>\u201cTodo se\u00f1ala que ser\u00e1 una buena temporada. Las reservas vienen \u00e1giles en varios destinos del Uruguay, sobre todo en el Este, Maldonado y Rocha\u201d<\/strong>, afirm\u00f3\u00a0<strong>Marina Cantera<\/strong>, presidenta de la C\u00e1mara Uruguaya de Turismo (CamTUR). Adem\u00e1s, destac\u00f3 que las expectativas del sector son \u201cmuy alentadoras\u201d y que la demanda se mantiene firme.<\/h2>\n\n\n\n<h2 class=\"wp-block-heading\">Verano 2026: auge de reservas y regreso del turismo argentino<\/h2>\n\n\n\n<p>En las \u00faltimas semanas, las inmobiliarias y portales de alquiler reportaron un fuerte incremento de consultas y cierres de operaciones por parte de turistas argentinos.<\/p>\n\n\n\n<p><strong>\u201cDespu\u00e9s de las elecciones de octubre, se retomaron las consultas para el verano\u201d<\/strong>, explic\u00f3&nbsp;<strong>Javier Sena<\/strong>, presidente de la C\u00e1mara Inmobiliaria de Punta del Este. Seg\u00fan detall\u00f3,&nbsp;<strong>\u201ctodo lo premium ya se reserv\u00f3: las propiedades frente al mar y las casas con pileta est\u00e1n pr\u00e1cticamente completas para las fiestas y enero<\/strong>\u201d.<\/p>\n\n\n\n<p>Las unidades m\u00e1s exclusivas, ubicadas en zonas como&nbsp;<strong>La Barra, Jos\u00e9 Ignacio y Playa Brava<\/strong>, fueron las primeras en ocuparse, impulsadas por familias argentinas que buscan asegurar el hospedaje con anticipaci\u00f3n ante la alta demanda.<\/p>\n\n\n\n<p>A diferencia de los \u00faltimos veranos, el tipo de cambio m\u00e1s estable entre Argentina y Uruguay aparece como uno de los factores determinantes detr\u00e1s del repunte tur\u00edstico. Esto permiti\u00f3 que muchos argentinos, que en a\u00f1os anteriores descartaban&nbsp;<strong>Uruguay<\/strong>&nbsp;por su alto costo, volvieran a considerar el balneario como destino para las vacaciones.<\/p>\n\n\n\n<figure class=\"wp-block-image\" id=\"7871555-Libre-830862385_wrap\"><img decoding=\"async\" src=\"https:\/\/media.ambito.com\/p\/0480b4e61b13061eca04cad8aa7c6309\/adjuntos\/239\/imagenes\/041\/263\/0041263907\/punta-del-este-hotelesjpg.jpg\" alt=\"Punta del Este se prepara para recibir una oleada de turistas argentinos este verano.\" title=\"Punta del Este se prepara para recibir una oleada de turistas argentinos este verano.\"\/><figcaption class=\"wp-element-caption\">Punta del Este se prepara para recibir una oleada de turistas argentinos este verano.<\/figcaption><\/figure>\n\n\n\n<h2 class=\"wp-block-heading\">Propiedades premium y alquileres familiares<\/h2>\n\n\n\n<p>En el mercado inmobiliario, las propiedades m\u00e1s exclusivas, con pileta, parrilla y vista al mar, se encuentran pr\u00e1cticamente agotadas. En tanto, queda disponibilidad en departamentos y casas m\u00e1s alejadas.<\/p>\n\n\n\n<p>De acuerdo con inmobiliarias consultadas por las casas en zonas premium como La Barra y Jos\u00e9 Ignacio pueden superar los&nbsp;<strong>u$s25.000 por quincena<\/strong>, mientras que los departamentos de un dormitorio en zonas m\u00e1s urbanas parten desde&nbsp;<strong>u$s150<\/strong>&nbsp;por noche y pueden llegar a los u$s600 en zonas como La Brava.<\/p>\n\n\n\n<p>A medida que se acerca diciembre, las inmobiliarias prev\u00e9n que las reservas seguir\u00e1n creciendo. El turismo argentino contin\u00faa siendo el principal motor de la temporada uruguaya, y el inter\u00e9s por volver a&nbsp;<strong>Punta del Este<\/strong>&nbsp;as\u00ed lo demuestra.<\/p>\n\n\n\n<p>Los operadores estiman que tambi\u00e9n sumar\u00e1 un flujo sostenido de visitantes brasile\u00f1os, paraguayos y chilenos, impulsados por la estabilidad cambiaria y por la conectividad a\u00e9rea desde Montevideo y Punta del Este.<\/p>\n","protected":false},"excerpt":{"rendered":"<p>El sector tur\u00edstico de Uruguay anticipa que ser\u00e1 un gran verano para Punta Del Este. Los alquileres premium frente al mar fueron los primeros que se reservaron. Miles de turistas argentinos ya aseguraron su lugar para pasar&nbsp;las fiestas y el verano 2026 en&nbsp;Punta del Este.&nbsp;Las inmobiliarias y operadores tur\u00edsticos uruguayos coinciden en que se avecina [&hellip;]<\/p>\n","protected":false},"author":2,"featured_media":5728,"comment_status":"closed","ping_status":"closed","sticky":false,"template":"","format":"standard","meta":{"_et_pb_use_builder":"","_et_pb_old_content":"","footnotes":""},"categories":[1],"tags":[],"class_list":["post-5727","post","type-post","status-publish","format-standard","has-post-thumbnail","hentry","category-sin-categoria"],"_links":{"self":[{"href":"https:\/\/diarioelfederaense.com.ar\/index.php?rest_route=\/wp\/v2\/posts\/5727"}],"collection":[{"href":"https:\/\/diarioelfederaense.com.ar\/index.php?rest_route=\/wp\/v2\/posts"}],"about":[{"href":"https:\/\/diarioelfederaense.com.ar\/index.php?rest_route=\/wp\/v2\/types\/post"}],"author":[{"embeddable":true,"href":"https:\/\/diarioelfederaense.com.ar\/index.php?rest_route=\/wp\/v2\/users\/2"}],"replies":[{"embeddable":true,"href":"https:\/\/diarioelfederaense.com.ar\/index.php?rest_route=%2Fwp%2Fv2%2Fcomments&post=5727"}],"version-history":[{"count":1,"href":"https:\/\/diarioelfederaense.com.ar\/index.php?rest_route=\/wp\/v2\/posts\/5727\/revisions"}],"predecessor-version":[{"id":5729,"href":"https:\/\/diarioelfederaense.com.ar\/index.php?rest_route=\/wp\/v2\/posts\/5727\/revisions\/5729"}],"wp:featuredmedia":[{"embeddable":true,"href":"https:\/\/diarioelfederaense.com.ar\/index.php?rest_route=\/wp\/v2\/media\/5728"}],"wp:attachment":[{"href":"https:\/\/diarioelfederaense.com.ar\/index.php?rest_route=%2Fwp%2Fv2%2Fmedia&parent=5727"}],"wp:term":[{"taxonomy":"category","embeddable":true,"href":"https:\/\/diarioelfederaense.com.ar\/index.php?rest_route=%2Fwp%2Fv2%2Fcategories&post=5727"},{"taxonomy":"post_tag","embeddable":true,"href":"https:\/\/diarioelfederaense.com.ar\/index.php?rest_route=%2Fwp%2Fv2%2Ftags&post=5727"}],"curies":[{"name":"wp","href":"https:\/\/api.w.org\/{rel}","templated":true}]}}