{"id":5724,"date":"2025-11-10T10:44:52","date_gmt":"2025-11-10T13:44:52","guid":{"rendered":"https:\/\/diarioelfederaense.com.ar\/?p=5724"},"modified":"2025-11-10T10:44:52","modified_gmt":"2025-11-10T13:44:52","slug":"ultimo-dia-para-elegir-el-ave-emblema-de-la-reserva-de-termas-chajari","status":"publish","type":"post","link":"https:\/\/diarioelfederaense.com.ar\/?p=5724","title":{"rendered":"\u00daltimo d\u00eda para elegir el ave emblema de la Reserva de Termas Chajar\u00ed"},"content":{"rendered":"\n<p><a><\/a>El Celestino, el Naranjero, el Choror\u00f3, la Tacuarita Azul y la Brasita de Fuego son cinco especies que est\u00e1n presentes en la Reserva y una de ellas ser\u00e1 elegida como \u201cave emblema\u201d.<\/p>\n\n\n\n<p>Hasta este lunes 10 de noviembre los vecinos pueden participar de la elecci\u00f3n del ave emblema de la Reserva Natural de Termas Chajar\u00ed. Se puede votar ingresando a <a href=\"https:\/\/acortar.link\/aveemblema?fbclid=IwZXh0bgNhZW0CMTAAYnJpZBExN3Jna3NyNVRRa3UxZG5xWnNydGMGYXBwX2lkEDIyMjAzOTE3ODgyMDA4OTIAAR7oxLHsLDFfOkL7C8zpmlX4t9bTFS5xJ1ZtYy7rFkkcUaAKsMTZdeo2vjpkZw_aem_hLV3jlBGBypRxy7HbEMClw\" rel=\"noreferrer noopener\" target=\"_blank\">https:\/\/acortar.link\/aveemblema<\/a> o acerc\u00e1ndose al Parque Termal \u201cDaniel Tisocco\u201d o a la Reserva Natural, y depositar el voto en las urnas que est\u00e1n presentes en ambos lugares.<\/p>\n\n\n\n<p>La elecci\u00f3n se har\u00e1 entre el Celestino (Thraupis sayaca), el Naranjero (Rauenia bonariensis), el Choror\u00f3 (Taraba major), la Tacuarita Azul (Polioptila dumicola) y la Brasita de Fuego (Coryphospingus cucullatus), que son las cinco especies de aves que est\u00e1n presentes en la Reserva.<\/p>\n\n\n\n<p>La misma se lleva adelante desde el Gobierno de Chajar\u00ed, tomando una idea que surgi\u00f3 de un proyecto enviado por un vecino al Concejo Deliberante local.<\/p>\n\n\n\n<p>Para poder emitir el voto, los interesados deber\u00e1n completar con nombre y apellido, edad, barrio o ciudad que habita, en caso de no ser de Chajar\u00ed, y elegir el ave emblema.<\/p>\n\n\n\n<p>La presentaci\u00f3n de las aves candidatas se llev\u00f3 a cabo el s\u00e1bado 25 de octubre en una Jornada de interpretaci\u00f3n de la naturaleza que tuvo lugar en la Reserva Natural, luego se abri\u00f3 la votaci\u00f3n para que todos los vecinos interesados puedan participar.<\/p>\n\n\n\n<p>Reserva<\/p>\n\n\n\n<p>La Reserva Natural se encuentra lindante a la autov\u00eda 14 y cuenta con dos senderos que se hallan diagramados de acuerdo a la potencialidad natural del lugar con miradores para el avistaje de aves. All\u00ed se emplaza tambi\u00e9n el Centro de Interpretaci\u00f3n de la Naturaleza, un lugar para aprender m\u00e1s sobre la flora y fauna de nuestra regi\u00f3n.<\/p>\n","protected":false},"excerpt":{"rendered":"<p>El Celestino, el Naranjero, el Choror\u00f3, la Tacuarita Azul y la Brasita de Fuego son cinco especies que est\u00e1n presentes en la Reserva y una de ellas ser\u00e1 elegida como \u201cave emblema\u201d. Hasta este lunes 10 de noviembre los vecinos pueden participar de la elecci\u00f3n del ave emblema de la Reserva Natural de Termas Chajar\u00ed. [&hellip;]<\/p>\n","protected":false},"author":2,"featured_media":5725,"comment_status":"closed","ping_status":"closed","sticky":false,"template":"","format":"standard","meta":{"_et_pb_use_builder":"","_et_pb_old_content":"","footnotes":""},"categories":[1],"tags":[],"class_list":["post-5724","post","type-post","status-publish","format-standard","has-post-thumbnail","hentry","category-sin-categoria"],"_links":{"self":[{"href":"https:\/\/diarioelfederaense.com.ar\/index.php?rest_route=\/wp\/v2\/posts\/5724"}],"collection":[{"href":"https:\/\/diarioelfederaense.com.ar\/index.php?rest_route=\/wp\/v2\/posts"}],"about":[{"href":"https:\/\/diarioelfederaense.com.ar\/index.php?rest_route=\/wp\/v2\/types\/post"}],"author":[{"embeddable":true,"href":"https:\/\/diarioelfederaense.com.ar\/index.php?rest_route=\/wp\/v2\/users\/2"}],"replies":[{"embeddable":true,"href":"https:\/\/diarioelfederaense.com.ar\/index.php?rest_route=%2Fwp%2Fv2%2Fcomments&post=5724"}],"version-history":[{"count":1,"href":"https:\/\/diarioelfederaense.com.ar\/index.php?rest_route=\/wp\/v2\/posts\/5724\/revisions"}],"predecessor-version":[{"id":5726,"href":"https:\/\/diarioelfederaense.com.ar\/index.php?rest_route=\/wp\/v2\/posts\/5724\/revisions\/5726"}],"wp:featuredmedia":[{"embeddable":true,"href":"https:\/\/diarioelfederaense.com.ar\/index.php?rest_route=\/wp\/v2\/media\/5725"}],"wp:attachment":[{"href":"https:\/\/diarioelfederaense.com.ar\/index.php?rest_route=%2Fwp%2Fv2%2Fmedia&parent=5724"}],"wp:term":[{"taxonomy":"category","embeddable":true,"href":"https:\/\/diarioelfederaense.com.ar\/index.php?rest_route=%2Fwp%2Fv2%2Fcategories&post=5724"},{"taxonomy":"post_tag","embeddable":true,"href":"https:\/\/diarioelfederaense.com.ar\/index.php?rest_route=%2Fwp%2Fv2%2Ftags&post=5724"}],"curies":[{"name":"wp","href":"https:\/\/api.w.org\/{rel}","templated":true}]}}