{"id":5715,"date":"2025-11-10T08:23:34","date_gmt":"2025-11-10T11:23:34","guid":{"rendered":"https:\/\/diarioelfederaense.com.ar\/?p=5715"},"modified":"2025-11-10T08:25:13","modified_gmt":"2025-11-10T11:25:13","slug":"reunion-entre-dante-camano-y-alan-schonborn-para-abordar-la-situacion-del-sector-hotelero-en-el-interior","status":"publish","type":"post","link":"https:\/\/diarioelfederaense.com.ar\/?p=5715","title":{"rendered":"Reuni\u00f3n entre Dante Cama\u00f1o y Alan Sch\u00f6nborn para abordar la situaci\u00f3n del sector hotelero en el interior"},"content":{"rendered":"\n<p><a><\/a>El Secretario General de la seccional CABA, Dante Cama\u00f1o, recientemente reelecto hasta 2029, convoc\u00f3 a una reuni\u00f3n a Alan Sch\u00f6nborn, referente de la Agrupaci\u00f3n 27 de Febrero y candidato a Secretario General por la Lista Violeta, con el objetivo de analizar la actualidad gremial y la realidad laboral del sector hotelero y gastron\u00f3mico en diversas provincias del interior del pa\u00eds.<\/p>\n\n\n\n<p>Durante el encuentro, se dialog\u00f3 sobre lo sucedido en las \u00faltimas elecciones sindicales, en las que, seg\u00fan se se\u00f1al\u00f3, en varias jurisdicciones no se garantiz\u00f3 la participaci\u00f3n de listas opositoras, lo que limit\u00f3 la expresi\u00f3n democr\u00e1tica de trabajadores y trabajadoras del sector.<\/p>\n\n\n\n<p>Sch\u00f6nborn traslad\u00f3 la preocupaci\u00f3n de los trabajadores hoteleros del interior, quienes enfrentan problem\u00e1ticas como:<\/p>\n\n\n\n<p>Salarios desactualizados respecto al costo de vida.<\/p>\n\n\n\n<p>Condiciones laborales con escasos controles efectivos.<\/p>\n\n\n\n<p>Contratos temporarios o inestables.<\/p>\n\n\n\n<p>Representaci\u00f3n sindical que en muchos casos no refleja la realidad local.<\/p>\n\n\n\n<p>Falta de acceso a capacitaciones que favorezcan el desarrollo profesional.<\/p>\n\n\n\n<p>Una mayor\u00eda de trabajadores j\u00f3venes (en torno al 65%) que no encuentra espacios de participaci\u00f3n sindical.<\/p>\n\n\n\n<p>En este contexto, la Agrupaci\u00f3n 27 de Febrero reafirm\u00f3 su compromiso con promover una mayor presencia gremial a nivel federal, impulsar mecanismos de participaci\u00f3n democr\u00e1tica, fortalecer la formaci\u00f3n profesional y garantizar condiciones laborales dignas para todos los trabajadores del sector, independientemente de la regi\u00f3n en la que se desempe\u00f1en.<\/p>\n","protected":false},"excerpt":{"rendered":"<p>El Secretario General de la seccional CABA, Dante Cama\u00f1o, recientemente reelecto hasta 2029, convoc\u00f3 a una reuni\u00f3n a Alan Sch\u00f6nborn, referente de la Agrupaci\u00f3n 27 de Febrero y candidato a Secretario General por la Lista Violeta, con el objetivo de analizar la actualidad gremial y la realidad laboral del sector hotelero y gastron\u00f3mico en diversas [&hellip;]<\/p>\n","protected":false},"author":2,"featured_media":5719,"comment_status":"closed","ping_status":"closed","sticky":false,"template":"","format":"standard","meta":{"_et_pb_use_builder":"","_et_pb_old_content":"","footnotes":""},"categories":[1],"tags":[],"class_list":["post-5715","post","type-post","status-publish","format-standard","has-post-thumbnail","hentry","category-sin-categoria"],"_links":{"self":[{"href":"https:\/\/diarioelfederaense.com.ar\/index.php?rest_route=\/wp\/v2\/posts\/5715"}],"collection":[{"href":"https:\/\/diarioelfederaense.com.ar\/index.php?rest_route=\/wp\/v2\/posts"}],"about":[{"href":"https:\/\/diarioelfederaense.com.ar\/index.php?rest_route=\/wp\/v2\/types\/post"}],"author":[{"embeddable":true,"href":"https:\/\/diarioelfederaense.com.ar\/index.php?rest_route=\/wp\/v2\/users\/2"}],"replies":[{"embeddable":true,"href":"https:\/\/diarioelfederaense.com.ar\/index.php?rest_route=%2Fwp%2Fv2%2Fcomments&post=5715"}],"version-history":[{"count":1,"href":"https:\/\/diarioelfederaense.com.ar\/index.php?rest_route=\/wp\/v2\/posts\/5715\/revisions"}],"predecessor-version":[{"id":5717,"href":"https:\/\/diarioelfederaense.com.ar\/index.php?rest_route=\/wp\/v2\/posts\/5715\/revisions\/5717"}],"wp:featuredmedia":[{"embeddable":true,"href":"https:\/\/diarioelfederaense.com.ar\/index.php?rest_route=\/wp\/v2\/media\/5719"}],"wp:attachment":[{"href":"https:\/\/diarioelfederaense.com.ar\/index.php?rest_route=%2Fwp%2Fv2%2Fmedia&parent=5715"}],"wp:term":[{"taxonomy":"category","embeddable":true,"href":"https:\/\/diarioelfederaense.com.ar\/index.php?rest_route=%2Fwp%2Fv2%2Fcategories&post=5715"},{"taxonomy":"post_tag","embeddable":true,"href":"https:\/\/diarioelfederaense.com.ar\/index.php?rest_route=%2Fwp%2Fv2%2Ftags&post=5715"}],"curies":[{"name":"wp","href":"https:\/\/api.w.org\/{rel}","templated":true}]}}