{"id":5712,"date":"2025-11-10T08:18:02","date_gmt":"2025-11-10T11:18:02","guid":{"rendered":"https:\/\/diarioelfederaense.com.ar\/?p=5712"},"modified":"2025-11-10T08:18:03","modified_gmt":"2025-11-10T11:18:03","slug":"federacion-en-un-comienzo-con-clima-ideal-la-temperatura-ira-en-ascenso","status":"publish","type":"post","link":"https:\/\/diarioelfederaense.com.ar\/?p=5712","title":{"rendered":"FEDERACI\u00d3N EN UN COMIENZO CON CLIMA IDEAL, LA TEMPERATURA IR\u00c1 EN ASCENSO"},"content":{"rendered":"\n<h2 class=\"wp-block-heading\">El Servicio Meteorol\u00f3gico Nacional anunci\u00f3 que Concordia registrar\u00e1 un comienzo de semana soleado, aunque con nubosidad variable. En tanto que las temperaturas ir\u00e1n en aumento.<\/h2>\n\n\n\n<p>9 de Noviembre de 2025<\/p>\n\n\n\n<p><a target=\"_blank\" href=\"https:\/\/api.whatsapp.com\/send?text=Concordia%20comienza%20una%20semana%20donde%20el%20calor%20volver%C3%A1%20a%20marcar%20presencia%20-%20https:\/\/diarioriouruguay.com\/concordia\/\/concordia-comienza-una-semana-donde-el-calor-volvera-a-marcar-presencia.htm\" rel=\"noreferrer noopener\"><\/a><a href=\"https:\/\/diarioriouruguay.com\/concordia\/concordia-comienza-una-semana-donde-el-calor-volvera-a-marcar-presencia.htm#\"><\/a><a href=\"javascript:copyLink('aviso', 'URL Copiada');\"><\/a><a href=\"https:\/\/diarioriouruguay.com\/concordia\/concordia-comienza-una-semana-donde-el-calor-volvera-a-marcar-presencia.htm#\"><\/a><a target=\"_blank\" href=\"\/\/diarioriouruguay.com\/concordia\/\/concordia-comienza-una-semana-donde-el-calor-volvera-a-marcar-presencia.htm\" rel=\"noreferrer noopener\"><\/a><a href=\"https:\/\/diarioriouruguay.com\/concordia\/concordia-comienza-una-semana-donde-el-calor-volvera-a-marcar-presencia.htm#comentarios\"><\/a><\/p>\n\n\n\n<p>Clima en Federaci\u00f3n. De acuerdo al pron\u00f3stico emitido, inicia la semana  con el sol como protagonista durante toda la jornada de este lunes 10 de noviembre.<\/p>\n\n\n\n<p>En ese marco, las temperaturas m\u00ednimas anunciadas ser\u00e1n de 13 grados y la m\u00e1xima llegar\u00e1 a los 27 grados, lo que indica un ascenso de la temperatura en comparaci\u00f3n con lo registrado en los \u00faltimos d\u00edas.<\/p>\n\n\n\n<h3 class=\"wp-block-heading\">Continuidad del clima<\/h3>\n\n\n\n<p>La semana continuar\u00e1 como una r\u00e9plica de similares condiciones al arranque de semana, donde el sol y las nubes pelear\u00e1n el protagonismo, ya que se prev\u00e9 nubosidad variable.<\/p>\n\n\n\n<p>En tanto que se anuncia un aumento de las temperaturas, registr\u00e1ndose m\u00ednimas de 16 a 18 grados, mientras que las m\u00e1ximas fluctuar\u00e1n de los 27 a los 30 grados.<\/p>\n\n\n\n<h3 class=\"wp-block-heading\">Anuncio extendido<\/h3>\n\n\n\n<p>Hasta el momento, el Servicio Meteorol\u00f3gico Nacional no prev\u00e9 anuncios de lluvias o tormentas, para el resto de la semana entrante.<\/p>\n","protected":false},"excerpt":{"rendered":"<p>El Servicio Meteorol\u00f3gico Nacional anunci\u00f3 que Concordia registrar\u00e1 un comienzo de semana soleado, aunque con nubosidad variable. En tanto que las temperaturas ir\u00e1n en aumento. 9 de Noviembre de 2025 Clima en Federaci\u00f3n. De acuerdo al pron\u00f3stico emitido, inicia la semana con el sol como protagonista durante toda la jornada de este lunes 10 de [&hellip;]<\/p>\n","protected":false},"author":2,"featured_media":5713,"comment_status":"closed","ping_status":"closed","sticky":false,"template":"","format":"standard","meta":{"_et_pb_use_builder":"","_et_pb_old_content":"","footnotes":""},"categories":[1],"tags":[],"class_list":["post-5712","post","type-post","status-publish","format-standard","has-post-thumbnail","hentry","category-sin-categoria"],"_links":{"self":[{"href":"https:\/\/diarioelfederaense.com.ar\/index.php?rest_route=\/wp\/v2\/posts\/5712"}],"collection":[{"href":"https:\/\/diarioelfederaense.com.ar\/index.php?rest_route=\/wp\/v2\/posts"}],"about":[{"href":"https:\/\/diarioelfederaense.com.ar\/index.php?rest_route=\/wp\/v2\/types\/post"}],"author":[{"embeddable":true,"href":"https:\/\/diarioelfederaense.com.ar\/index.php?rest_route=\/wp\/v2\/users\/2"}],"replies":[{"embeddable":true,"href":"https:\/\/diarioelfederaense.com.ar\/index.php?rest_route=%2Fwp%2Fv2%2Fcomments&post=5712"}],"version-history":[{"count":1,"href":"https:\/\/diarioelfederaense.com.ar\/index.php?rest_route=\/wp\/v2\/posts\/5712\/revisions"}],"predecessor-version":[{"id":5714,"href":"https:\/\/diarioelfederaense.com.ar\/index.php?rest_route=\/wp\/v2\/posts\/5712\/revisions\/5714"}],"wp:featuredmedia":[{"embeddable":true,"href":"https:\/\/diarioelfederaense.com.ar\/index.php?rest_route=\/wp\/v2\/media\/5713"}],"wp:attachment":[{"href":"https:\/\/diarioelfederaense.com.ar\/index.php?rest_route=%2Fwp%2Fv2%2Fmedia&parent=5712"}],"wp:term":[{"taxonomy":"category","embeddable":true,"href":"https:\/\/diarioelfederaense.com.ar\/index.php?rest_route=%2Fwp%2Fv2%2Fcategories&post=5712"},{"taxonomy":"post_tag","embeddable":true,"href":"https:\/\/diarioelfederaense.com.ar\/index.php?rest_route=%2Fwp%2Fv2%2Ftags&post=5712"}],"curies":[{"name":"wp","href":"https:\/\/api.w.org\/{rel}","templated":true}]}}