{"id":5705,"date":"2025-10-31T12:33:47","date_gmt":"2025-10-31T15:33:47","guid":{"rendered":"https:\/\/diarioelfederaense.com.ar\/?p=5705"},"modified":"2025-10-31T12:33:48","modified_gmt":"2025-10-31T15:33:48","slug":"desde-el-1-de-noviembre-rigen-nuevos-valores-de-ingreso-al-parque-termal-y-parque-acuatico-de-federacion","status":"publish","type":"post","link":"https:\/\/diarioelfederaense.com.ar\/?p=5705","title":{"rendered":"DESDE EL 1 DE NOVIEMBRE RIGEN NUEVOS VALORES DE INGRESO AL PARQUE TERMAL Y PARQUE ACU\u00c1TICO DE FEDERACI\u00d3N"},"content":{"rendered":"\n<p><a><\/a>Desde el Parque Termal de la ciudad de Federaci\u00f3n informaron que a partir del 1 de noviembre entran en vigencia los nuevos valores de ingreso tanto para el Parque Termal como para el Parque Acu\u00e1tico.<\/p>\n\n\n\n<p>La encargada del complejo, Gisela Bravo, comunic\u00f3 a Informe Ciudadano que los convenios promocionales de descuentos seguir\u00e1n vigentes hasta el 31 de diciembre del corriente a\u00f1o. En ese sentido, se mantiene el 50% de descuento para residentes de la Regi\u00f3n de Salto Grande (Departamento Federaci\u00f3n, Concordia, Salto, Villa Constituci\u00f3n y Bel\u00e9n \u2013 R.O.U.) y el 30% de descuento para residentes del resto de Entre R\u00edos y de la Rep\u00fablica Oriental del Uruguay.<\/p>\n\n\n\n<p>Bravo explic\u00f3 que las promociones aplicadas desde junio \u201ccumplieron con el objetivo de dinamizar la afluencia tur\u00edstica durante la temporada baja\u201d, y se\u00f1al\u00f3 que la reciente puesta en funcionamiento del Parque Acu\u00e1tico \u201cimplica mayores costos en infraestructura, mantenimiento y personal\u201d, lo que hace necesaria una actualizaci\u00f3n tarifaria para mantener la sustentabilidad del servicio.<\/p>\n\n\n\n<p>Nuevos valores desde el 1 de noviembre:<\/p>\n\n\n\n<p>Entrada general y contingentes:<\/p>\n\n\n\n<p>\u2022 Entrada general: $18.000<\/p>\n\n\n\n<p>\u2022 Menores de 12 a\u00f1os: $10.000<\/p>\n\n\n\n<p>\u2022 Jubilados y pensionados: $13.000<\/p>\n\n\n\n<p>\u2022 Contingentes tur\u00edsticos por persona: $13.000<\/p>\n\n\n\n<p>Tarifas diferenciales para residentes de Federaci\u00f3n (con carnet vigente):<\/p>\n\n\n\n<p>\u2022 Abono residente: $2.500<\/p>\n\n\n\n<p>\u2022 Contingentes escolares menores de 12 a\u00f1os: $2.500<\/p>\n\n\n\n<p>\u2022 Contingentes escolares de 12 a 18 a\u00f1os: $3.000<\/p>\n\n\n\n<p>\u2022 Carnet de residente anual: $13.000<\/p>\n\n\n\n<p>\u2022 Carnet familiar anual: $17.000<\/p>\n\n\n\n<p>Actividades deportivas y recreativas:<\/p>\n\n\n\n<p>\u2022 Carnet deportivo menores de 18 a\u00f1os (2 veces por semana): $6.500<\/p>\n\n\n\n<p>\u2022 Carnet deportivo mayores de 18 a\u00f1os (2 veces por semana): $9.000<\/p>\n\n\n\n<p>\u2022 Escuela de nataci\u00f3n (hasta 5 clases semanales): $14.000<\/p>\n\n\n\n<p>\u2022 Clases semanales para ni\u00f1os, adolescentes y adultos: $17.000<\/p>\n\n\n\n<p>El reglamento tambi\u00e9n contempla beneficios de hasta el 100% de descuento en la entrada general para personas vinculadas a eventos culturales o deportivos.<\/p>\n\n\n\n<p>Finalmente, Bravo invit\u00f3 a residentes y turistas a disfrutar del complejo, \u201cel Parque Termal y Acu\u00e1tico de Federaci\u00f3n sigue siendo uno de los destinos m\u00e1s elegidos por quienes buscan vacacionar en familia o pasar d\u00edas de relax. Nuestros visitantes encuentran aqu\u00ed naturaleza, bienestar y diversi\u00f3n en un entorno \u00fanico, ideal para descansar y disfrutar de todo lo que ofrece Federaci\u00f3n\u201d, expres\u00f3 la encargada del Parque Termal.<\/p>\n","protected":false},"excerpt":{"rendered":"<p>Desde el Parque Termal de la ciudad de Federaci\u00f3n informaron que a partir del 1 de noviembre entran en vigencia los nuevos valores de ingreso tanto para el Parque Termal como para el Parque Acu\u00e1tico. La encargada del complejo, Gisela Bravo, comunic\u00f3 a Informe Ciudadano que los convenios promocionales de descuentos seguir\u00e1n vigentes hasta el [&hellip;]<\/p>\n","protected":false},"author":2,"featured_media":5706,"comment_status":"closed","ping_status":"closed","sticky":false,"template":"","format":"standard","meta":{"_et_pb_use_builder":"","_et_pb_old_content":"","footnotes":""},"categories":[1],"tags":[],"class_list":["post-5705","post","type-post","status-publish","format-standard","has-post-thumbnail","hentry","category-sin-categoria"],"_links":{"self":[{"href":"https:\/\/diarioelfederaense.com.ar\/index.php?rest_route=\/wp\/v2\/posts\/5705"}],"collection":[{"href":"https:\/\/diarioelfederaense.com.ar\/index.php?rest_route=\/wp\/v2\/posts"}],"about":[{"href":"https:\/\/diarioelfederaense.com.ar\/index.php?rest_route=\/wp\/v2\/types\/post"}],"author":[{"embeddable":true,"href":"https:\/\/diarioelfederaense.com.ar\/index.php?rest_route=\/wp\/v2\/users\/2"}],"replies":[{"embeddable":true,"href":"https:\/\/diarioelfederaense.com.ar\/index.php?rest_route=%2Fwp%2Fv2%2Fcomments&post=5705"}],"version-history":[{"count":1,"href":"https:\/\/diarioelfederaense.com.ar\/index.php?rest_route=\/wp\/v2\/posts\/5705\/revisions"}],"predecessor-version":[{"id":5707,"href":"https:\/\/diarioelfederaense.com.ar\/index.php?rest_route=\/wp\/v2\/posts\/5705\/revisions\/5707"}],"wp:featuredmedia":[{"embeddable":true,"href":"https:\/\/diarioelfederaense.com.ar\/index.php?rest_route=\/wp\/v2\/media\/5706"}],"wp:attachment":[{"href":"https:\/\/diarioelfederaense.com.ar\/index.php?rest_route=%2Fwp%2Fv2%2Fmedia&parent=5705"}],"wp:term":[{"taxonomy":"category","embeddable":true,"href":"https:\/\/diarioelfederaense.com.ar\/index.php?rest_route=%2Fwp%2Fv2%2Fcategories&post=5705"},{"taxonomy":"post_tag","embeddable":true,"href":"https:\/\/diarioelfederaense.com.ar\/index.php?rest_route=%2Fwp%2Fv2%2Ftags&post=5705"}],"curies":[{"name":"wp","href":"https:\/\/api.w.org\/{rel}","templated":true}]}}