{"id":5702,"date":"2025-10-30T15:48:09","date_gmt":"2025-10-30T18:48:09","guid":{"rendered":"https:\/\/diarioelfederaense.com.ar\/?p=5702"},"modified":"2025-10-30T15:48:09","modified_gmt":"2025-10-30T18:48:09","slug":"caso-laurta-la-fiscal-se-refirio-al-hallazgo-de-partes-de-un-cuerpo-en-rosario-del-tala-y-las-coincidencias-con-la-causa","status":"publish","type":"post","link":"https:\/\/diarioelfederaense.com.ar\/?p=5702","title":{"rendered":"CASO LAURTA: La fiscal se refiri\u00f3 al hallazgo de partes de un cuerpo en Rosario del Tala y \u00ablas coincidencias\u00bb con la causa"},"content":{"rendered":"\n<h2 class=\"wp-block-heading\">La Dra. Daniela Montangie brind\u00f3 detalles sobre el hallazgo en la zona rural entre Rosario del Tala y Sauce Norte. Los estudios de ADN determinar\u00e1n si corresponden a una de las v\u00edctimas del uruguayo Pablo Laurta, actualmente detenido en C\u00f3rdoba.<\/h2>\n\n\n\n<p>30 de Octubre de 2025<\/p>\n\n\n\n<p><a target=\"_blank\" href=\"https:\/\/api.whatsapp.com\/send?text=CASO%20LAURTA:%20La%20fiscal%20se%20refiri%C3%B3%20al%20hallazgo%20en%20Rosario%20del%20Tala%20y%20%22las%20coincidencias%22%20con%20la%20causa%20-%20https:\/\/diarioriouruguay.com\/policiales\/\/caso-laurta-la-fiscal-se-refirio-al-hallazgo-en-rosario-del-tala.htm\" rel=\"noreferrer noopener\"><\/a><a href=\"https:\/\/diarioriouruguay.com\/policiales\/caso-laurta-la-fiscal-se-refirio-al-hallazgo-en-rosario-del-tala.htm#\"><\/a><a href=\"javascript:copyLink('aviso', 'URL Copiada');\"><\/a><a href=\"https:\/\/diarioriouruguay.com\/policiales\/caso-laurta-la-fiscal-se-refirio-al-hallazgo-en-rosario-del-tala.htm#\"><\/a><a target=\"_blank\" href=\"\/\/diarioriouruguay.com\/policiales\/\/caso-laurta-la-fiscal-se-refirio-al-hallazgo-en-rosario-del-tala.htm\" rel=\"noreferrer noopener\"><\/a><a href=\"https:\/\/diarioriouruguay.com\/policiales\/caso-laurta-la-fiscal-se-refirio-al-hallazgo-en-rosario-del-tala.htm#comentarios\"><\/a><\/p>\n\n\n\n<p><em>Hallazgo restos humanos Tala<\/em>. En las primeras horas de este mi\u00e9rcoles 29 de octubre, lugare\u00f1os de la zona rural de Rosario del Tala dieron aviso a las autoridades tras encontrar partes de un cuerpo en inmediaciones de la Ruta 15, camino a Sauce Norte.<\/p>\n\n\n\n<p>Seg\u00fan confirm\u00f3 la fiscal Daniela Montangie a&nbsp;<strong>Diario R\u00edo Uruguay<\/strong>, \u201cpersonas del lugar hallaron partes del cuerpo en una localidad de Rosario del Tala y de inmediato se hicieron presentes la Polic\u00eda, la fiscal de turno y la Divisi\u00f3n Criminal\u00edstica para realizar los secuestros pertinentes\u201d.<\/p>\n\n\n\n<figure class=\"wp-block-image\"><a href=\"https:\/\/diarioriouruguay.com\/policiales\/investigan-si-son-de-palacio-los-restos-oseos-encontrados-cerca-de-rosario-del-tala.htm\"><img decoding=\"async\" src=\"https:\/\/diarioriouruguay.com\/galeria\/fotos\/2025\/10\/30\/m_1761818752_31025.webp\" alt=\"Investigan si son de Palacio los restos \u00f3seos encontrados cerca de Rosario del Tala\"\/><\/a><\/figure>\n\n\n\n<p><\/p>\n\n\n\n<p>Los restos fueron trasladados al laboratorio forense de Oro Verde para ser sometidos a estudios de ADN y pericias m\u00e9dico-legales. \u201cSe traslad\u00f3 a Oro Verde a efectos de hacer la pertinente identificaci\u00f3n con ADN, ver la posibilidad de hacer autopsia y dem\u00e1s\u201d, detall\u00f3 la fiscal.<\/p>\n\n\n\n<p>De acuerdo a los primeros indicios, el hallazgo podr\u00eda vincularse a la causa por el asesinato de Mart\u00edn Palacios, chofer que hab\u00eda llegado a Concordia con su Toyota Corolla blanco, y que fue visto por \u00faltima vez antes de que el acusado Pablo Laurta \u2014ciudadano uruguayo\u2014 emprendiera su huida hacia C\u00f3rdoba. Por lo que la funcionaria judicial admiti\u00f3 que,&nbsp;<strong>\u201cpor las coincidencias, creemos que es lo que est\u00e1bamos buscando\u201d.<\/strong><\/p>\n\n\n\n<h3 class=\"wp-block-heading\">Coincidencias con el recorrido del acusado<\/h3>\n\n\n\n<p>La doctora Montangie precis\u00f3 que \u201clo que se puede vincular respecto a la causa es que coincide con las partes del cuerpo que est\u00e1bamos buscando de Palacios, la v\u00edctima, y coincide con el trayecto que hizo Laurta en su camino a C\u00f3rdoba\u201d.<\/p>\n\n\n\n<p>Seg\u00fan explic\u00f3, los investigadores lograron reconstruir ese recorrido mediante el an\u00e1lisis de antenas de telefon\u00eda y c\u00e1maras de videovigilancia. \u201cPor el seguimiento de antenas se pudo establecer el circuito. Por el lugar donde se encontraron los restos tiene que haber pasado Laurta manejando el Toyota blanco\u201d, indic\u00f3.<\/p>\n\n\n\n<p>El trayecto confirmado por la Justicia incluye las localidades de Rosario del Tala, Nogoy\u00e1, Victoria y Rosario, zonas en las que ya se ven\u00edan realizando rastrillajes en coordinaci\u00f3n con fuerzas de Concordia, San Salvador y Federal.<\/p>\n\n\n\n<h3 class=\"wp-block-heading\">Pericias y pr\u00f3ximos pasos en la investigaci\u00f3n<\/h3>\n\n\n\n<p>Consultada sobre las tareas periciales, la fiscal confirm\u00f3 que \u201cse van a hacer estudios de ADN de lo que se encontr\u00f3 en Concordia y de lo que se traslad\u00f3 a Oro Verde\u201d. Adem\u00e1s, explic\u00f3 que los especialistas podr\u00edan recurrir a otros m\u00e9todos de identificaci\u00f3n: \u201cTambi\u00e9n a trav\u00e9s de la dentadura se puede determinar la identidad, pero todav\u00eda no s\u00e9 bien qu\u00e9 se encontr\u00f3 y en qu\u00e9 estado, por eso se van a tomar decisiones conforme al estado de descomposici\u00f3n y dem\u00e1s\u201d.<\/p>\n\n\n\n<p>En cuanto a la situaci\u00f3n procesal del imputado, Montangie aclar\u00f3 que no est\u00e1 previsto el traslado de Pablo Laurta desde C\u00f3rdoba hacia Entre R\u00edos o Concordia. \u201cQue yo tenga conocimiento, eso no. El defensor lo puede requerir en cualquier momento y el juzgado de garant\u00eda lo solicita al requerimiento, porque \u00e9l tiene derecho a hablar con su defensor. Pero hasta el momento no ha sido requerido\u201d, sostuvo la fiscal.<\/p>\n","protected":false},"excerpt":{"rendered":"<p>La Dra. Daniela Montangie brind\u00f3 detalles sobre el hallazgo en la zona rural entre Rosario del Tala y Sauce Norte. Los estudios de ADN determinar\u00e1n si corresponden a una de las v\u00edctimas del uruguayo Pablo Laurta, actualmente detenido en C\u00f3rdoba. 30 de Octubre de 2025 Hallazgo restos humanos Tala. En las primeras horas de este [&hellip;]<\/p>\n","protected":false},"author":2,"featured_media":5703,"comment_status":"closed","ping_status":"closed","sticky":false,"template":"","format":"standard","meta":{"_et_pb_use_builder":"","_et_pb_old_content":"","footnotes":""},"categories":[1],"tags":[],"class_list":["post-5702","post","type-post","status-publish","format-standard","has-post-thumbnail","hentry","category-sin-categoria"],"_links":{"self":[{"href":"https:\/\/diarioelfederaense.com.ar\/index.php?rest_route=\/wp\/v2\/posts\/5702"}],"collection":[{"href":"https:\/\/diarioelfederaense.com.ar\/index.php?rest_route=\/wp\/v2\/posts"}],"about":[{"href":"https:\/\/diarioelfederaense.com.ar\/index.php?rest_route=\/wp\/v2\/types\/post"}],"author":[{"embeddable":true,"href":"https:\/\/diarioelfederaense.com.ar\/index.php?rest_route=\/wp\/v2\/users\/2"}],"replies":[{"embeddable":true,"href":"https:\/\/diarioelfederaense.com.ar\/index.php?rest_route=%2Fwp%2Fv2%2Fcomments&post=5702"}],"version-history":[{"count":1,"href":"https:\/\/diarioelfederaense.com.ar\/index.php?rest_route=\/wp\/v2\/posts\/5702\/revisions"}],"predecessor-version":[{"id":5704,"href":"https:\/\/diarioelfederaense.com.ar\/index.php?rest_route=\/wp\/v2\/posts\/5702\/revisions\/5704"}],"wp:featuredmedia":[{"embeddable":true,"href":"https:\/\/diarioelfederaense.com.ar\/index.php?rest_route=\/wp\/v2\/media\/5703"}],"wp:attachment":[{"href":"https:\/\/diarioelfederaense.com.ar\/index.php?rest_route=%2Fwp%2Fv2%2Fmedia&parent=5702"}],"wp:term":[{"taxonomy":"category","embeddable":true,"href":"https:\/\/diarioelfederaense.com.ar\/index.php?rest_route=%2Fwp%2Fv2%2Fcategories&post=5702"},{"taxonomy":"post_tag","embeddable":true,"href":"https:\/\/diarioelfederaense.com.ar\/index.php?rest_route=%2Fwp%2Fv2%2Ftags&post=5702"}],"curies":[{"name":"wp","href":"https:\/\/api.w.org\/{rel}","templated":true}]}}