{"id":5695,"date":"2025-10-29T15:51:50","date_gmt":"2025-10-29T18:51:50","guid":{"rendered":"https:\/\/diarioelfederaense.com.ar\/?p=5695"},"modified":"2025-10-29T15:51:50","modified_gmt":"2025-10-29T18:51:50","slug":"este-viernes-se-realiza-el-encuentro-de-voces","status":"publish","type":"post","link":"https:\/\/diarioelfederaense.com.ar\/?p=5695","title":{"rendered":"ESTE VIERNES SE REALIZA EL ENCUENTRO DE VOCES"},"content":{"rendered":"\n<p><img loading=\"lazy\" decoding=\"async\" height=\"16\" width=\"16\" alt=\"\ud83d\udcc5\" src=\"https:\/\/static.xx.fbcdn.net\/images\/emoji.php\/v9\/t7e\/1\/16\/1f4c5.png\"> Viernes 31 de octubre | 19:00 hs<\/p>\n\n\n\n<p><img loading=\"lazy\" decoding=\"async\" height=\"16\" width=\"16\" alt=\"\ud83d\udccd\" src=\"https:\/\/static.xx.fbcdn.net\/images\/emoji.php\/v9\/t2d\/1\/16\/1f4cd.png\"> A<a><\/a>uditorium Ciudad de Federaci\u00f3n<\/p>\n\n\n\n<p>Presentaci\u00f3n de los talleres de canto de la ciudad de Chajar\u00ed, a cargo del profesor Roberto Tadei; y de la ciudad de Federaci\u00f3n, a cargo del profesor Humberto S\u00e1nchez.<\/p>\n\n\n\n<p>Invitamos a toda la comunidad a compartir y disfrutar de este evento de entrada libre y gratuita.<\/p>\n\n\n\n<p>\u00a1Los esperamos! <img loading=\"lazy\" decoding=\"async\" height=\"16\" width=\"16\" alt=\"\ud83c\udf1f\" src=\"https:\/\/static.xx.fbcdn.net\/images\/emoji.php\/v9\/te0\/1\/16\/1f31f.png\"><\/p>\n","protected":false},"excerpt":{"rendered":"<p>Viernes 31 de octubre | 19:00 hs Auditorium Ciudad de Federaci\u00f3n Presentaci\u00f3n de los talleres de canto de la ciudad de Chajar\u00ed, a cargo del profesor Roberto Tadei; y de la ciudad de Federaci\u00f3n, a cargo del profesor Humberto S\u00e1nchez. Invitamos a toda la comunidad a compartir y disfrutar de este evento de entrada libre [&hellip;]<\/p>\n","protected":false},"author":2,"featured_media":5696,"comment_status":"closed","ping_status":"closed","sticky":false,"template":"","format":"standard","meta":{"_et_pb_use_builder":"","_et_pb_old_content":"","footnotes":""},"categories":[1],"tags":[],"class_list":["post-5695","post","type-post","status-publish","format-standard","has-post-thumbnail","hentry","category-sin-categoria"],"_links":{"self":[{"href":"https:\/\/diarioelfederaense.com.ar\/index.php?rest_route=\/wp\/v2\/posts\/5695"}],"collection":[{"href":"https:\/\/diarioelfederaense.com.ar\/index.php?rest_route=\/wp\/v2\/posts"}],"about":[{"href":"https:\/\/diarioelfederaense.com.ar\/index.php?rest_route=\/wp\/v2\/types\/post"}],"author":[{"embeddable":true,"href":"https:\/\/diarioelfederaense.com.ar\/index.php?rest_route=\/wp\/v2\/users\/2"}],"replies":[{"embeddable":true,"href":"https:\/\/diarioelfederaense.com.ar\/index.php?rest_route=%2Fwp%2Fv2%2Fcomments&post=5695"}],"version-history":[{"count":1,"href":"https:\/\/diarioelfederaense.com.ar\/index.php?rest_route=\/wp\/v2\/posts\/5695\/revisions"}],"predecessor-version":[{"id":5697,"href":"https:\/\/diarioelfederaense.com.ar\/index.php?rest_route=\/wp\/v2\/posts\/5695\/revisions\/5697"}],"wp:featuredmedia":[{"embeddable":true,"href":"https:\/\/diarioelfederaense.com.ar\/index.php?rest_route=\/wp\/v2\/media\/5696"}],"wp:attachment":[{"href":"https:\/\/diarioelfederaense.com.ar\/index.php?rest_route=%2Fwp%2Fv2%2Fmedia&parent=5695"}],"wp:term":[{"taxonomy":"category","embeddable":true,"href":"https:\/\/diarioelfederaense.com.ar\/index.php?rest_route=%2Fwp%2Fv2%2Fcategories&post=5695"},{"taxonomy":"post_tag","embeddable":true,"href":"https:\/\/diarioelfederaense.com.ar\/index.php?rest_route=%2Fwp%2Fv2%2Ftags&post=5695"}],"curies":[{"name":"wp","href":"https:\/\/api.w.org\/{rel}","templated":true}]}}