{"id":5692,"date":"2025-10-29T15:34:56","date_gmt":"2025-10-29T18:34:56","guid":{"rendered":"https:\/\/diarioelfederaense.com.ar\/?p=5692"},"modified":"2025-10-29T15:34:56","modified_gmt":"2025-10-29T18:34:56","slug":"consideran-que-pedido-de-informe-por-obras-en-el-hospital-de-federacion-fue-por-especulaciones-politicas","status":"publish","type":"post","link":"https:\/\/diarioelfederaense.com.ar\/?p=5692","title":{"rendered":"Consideran que pedido de informe por obras en el Hospital de Federaci\u00f3n fue por \u201cespeculaciones pol\u00edticas\u201d"},"content":{"rendered":"\n<p><a><\/a>Carlos Cecco, presidente de Cafesg, consider\u00f3 que el pedido de informes del Concejo Deliberante de Federaci\u00f3n, sobre dos obras en el Hospital local, \u201ctiene que ver m\u00e1s con especulaciones pol\u00edticas que con un real inter\u00e9s por conocer los detalles de un procedimiento que es totalmente p\u00fablico y absolutamente verificable\u201d. Agreg\u00f3 que el organismo fue convocado para el 14 de octubre pero la invitaci\u00f3n se difiri\u00f3 para despu\u00e9s del 26, lo que se entendi\u00f3 como una \u201cvinculaci\u00f3n con la agenda electoral\u201d.<\/p>\n\n\n\n<p>Carlos Cecco, presidente de la Comisi\u00f3n Administradora para el Fondo Especial de Salto Grande (Cafesg), hizo p\u00fablica una comunicaci\u00f3n dirigida \u201ca los vecinos de Federaci\u00f3n\u201d en la que contextualiz\u00f3 el cuestionamiento que realiz\u00f3 el pleno del Concejo Deliberante de Federaci\u00f3n por dos obras que se realizaron en el Hospital San Jos\u00e9, tuvieron relaci\u00f3n con la agenda electoral que culmin\u00f3 el domingo 26.<\/p>\n\n\n\n<p>En la nota a los vecinos, Cecco precis\u00f3 que \u201cen relaci\u00f3n a la invitaci\u00f3n mediante nota N\u00ba 167 del Honorable Concejo Deliberante (HCD) de Federaci\u00f3n dirigida a nuestro organismo para interiorizarse sobre los proyectos y anteproyectos de Cafesg para la ciudad de Federaci\u00f3n y en particular sobre la Licitaci\u00f3n P\u00fablica N\u00ba14\/2025 \u2018Refacciones en el Hospital San Jos\u00e9\u2019 de la ciudad, convocada para el 14 de octubre, la misma, por nota N\u00ba9 168 fue postergada por el HCD para luego del 26 de octubre, lo que pone en evidencia la vinculaci\u00f3n de la consulta con la agenda electoral\u201d.<\/p>\n\n\n\n<p>A\u00f1adi\u00f3 que \u201casimismo, en respuesta al pedido de informes sobre la licitaci\u00f3n p\u00fablica 14\/2025, correspondiente a la obra de \u00abRefacci\u00f3n de la Cocina del Hospital San Jos\u00e9\u00bb de la ciudad, quisiera aclararle a la ciudadan\u00eda que la informaci\u00f3n solicitada se encuentra disponible para cualquier ciudadano en el sitio web oficial de CAFESG, como pueden comprobarlo en el siguiente enlace: <a href=\"https:\/\/l.facebook.com\/l.php?u=https%3A%2F%2Fcafesg.gob.ar%2Fcafesg2%2Fwp-content%2Fuploads%2F2025%2F08%2FLICITACION-PUBLICA-No-14-2025.pdf%3Ffbclid%3DIwZXh0bgNhZW0CMTAAYnJpZBExQ2lSSkJTUU9jWDlEZHY0aQEepETvOwTDf7CMv4UqOUWUre7TZNoKnXxYhIpOVBAdoh14uD3HVK9E7G5Fl-0_aem_J8vkKnsy_sos2KoOsNrh7g&amp;h=AT0JXMne0CGoNQFJDbiIbSvPWttb0-pupryUN-Haj707_JsUvsrMgb3tKUZUnkvW8xYNi4Sqf2PlQFPWw56qwLL90uLpYiU5wUnEje4oqVNKg-vpGIA33TE-4aCx2R1jjde37T_VJSPrutt5&amp;__tn__=-UK-R&amp;c[0]=AT1ABGNuCAROSHrwqDS9wSizWmXC7-rQCaoJcTRRe-q1V3ROUMEdHTCMM2uPk6fh1mWffg6QIJ6KfZ93MTrbdmiTCr50b2snAGWpLjiSZ_lmAPDUXgTO8lFO41GVFk4d7_32CR-2osOGIYCgLKtHBvFQCFdpRnxmtX4TugagVA\" rel=\"noreferrer noopener\" target=\"_blank\">https:\/\/cafesg.gob.ar\/&#8230;\/LICITACION-PUBLICA-No-14-2025.pdf<\/a>\u201d.<\/p>\n\n\n\n<p>Adherido<\/p>\n\n\n\n<p>Cecco le explic\u00f3 a los vecinos que \u201ces importante aclarar que nuestro organismo est\u00e1 adherido a la Ley N\u00b0 11.191 de Derecho de acceso a la Informaci\u00f3n P\u00fablica, por lo tanto brindar acceso a la informaci\u00f3n de nuestros actos de gobierno no solo es nuestro deber y obligaci\u00f3n, sino que es nuestra voluntad y es por eso que en nuestro sitio web oficial est\u00e1n disponibles no s\u00f3lo los detalles de esta licitaci\u00f3n sino los de todas las acciones que llevamos adelante\u201d.<\/p>\n\n\n\n<p>Especulaciones pol\u00edticas<\/p>\n\n\n\n<p>Cecco a\u00f1adi\u00f3 que \u201cno obstante ello, considero que este cuestionamiento tiene que ver m\u00e1s con especulaciones pol\u00edticas que con un real inter\u00e9s por conocer los detalles de un procedimiento que es totalmente p\u00fablico y absolutamente verificable\u201d.<\/p>\n\n\n\n<p>Tambi\u00e9n cuestion\u00f3 que \u201ces inentendible que haya tenido que escuchar, en estos d\u00edas, que se ponga en tela de juicio la transparencia del procedimiento e incluso los montos a invertir en la refacci\u00f3n total y ampliaci\u00f3n de la cocina de nuestro Hospital\u201d.<\/p>\n\n\n\n<p>Cecco destac\u00f3 que \u201cla misma no fue mantenida ni mejorada desde su construcci\u00f3n en 1979, por lo que el relevamiento efectuado por personal t\u00e9cnico la calific\u00f3 como imprescindible. De m\u00e1s est\u00e1 aclarar que de ella depende la atenci\u00f3n de la alimentaci\u00f3n de los pacientes internados en el nosocomio\u201d.<\/p>\n\n\n\n<p>La previa a la respuesta a los cuestionamientos y las explicaciones a los vecinos, consisti\u00f3 en un pedido de rendici\u00f3n de cuentas de concejales del oficialismo y oposici\u00f3n, que por unanimidad del cuerpo aprobaron un Proyecto de Resoluci\u00f3n mediante el que pidieron una rendici\u00f3n de cuentas a Cafesg. Se trat\u00f3 del pedido de informe completo sobre la licitaci\u00f3n de la obra de refacci\u00f3n del Hospital San Jos\u00e9, valuada en m\u00e1s de 223 millones de pesos.<\/p>\n\n\n\n<p>El pedido solicit\u00f3 que se brinde informaci\u00f3n sobre la memoria descriptiva y t\u00e9cnica de la obra; los planos arquitect\u00f3nicos; la fundamentaci\u00f3n de la necesidad del proyecto; el cronograma de ejecuci\u00f3n y el presupuesto desglosado y los mecanismos de control y seguimiento previstos durante la ejecuci\u00f3n. Se fundament\u00f3 que se pretende dotar de claridad, trazabilidad y participaci\u00f3n institucional al control de los fondos destinados a obras de desarrollo regional, que provienen del organismo. (APFDigital)<\/p>\n","protected":false},"excerpt":{"rendered":"<p>Carlos Cecco, presidente de Cafesg, consider\u00f3 que el pedido de informes del Concejo Deliberante de Federaci\u00f3n, sobre dos obras en el Hospital local, \u201ctiene que ver m\u00e1s con especulaciones pol\u00edticas que con un real inter\u00e9s por conocer los detalles de un procedimiento que es totalmente p\u00fablico y absolutamente verificable\u201d. Agreg\u00f3 que el organismo fue convocado [&hellip;]<\/p>\n","protected":false},"author":2,"featured_media":5693,"comment_status":"closed","ping_status":"closed","sticky":false,"template":"","format":"standard","meta":{"_et_pb_use_builder":"","_et_pb_old_content":"","footnotes":""},"categories":[1],"tags":[],"class_list":["post-5692","post","type-post","status-publish","format-standard","has-post-thumbnail","hentry","category-sin-categoria"],"_links":{"self":[{"href":"https:\/\/diarioelfederaense.com.ar\/index.php?rest_route=\/wp\/v2\/posts\/5692"}],"collection":[{"href":"https:\/\/diarioelfederaense.com.ar\/index.php?rest_route=\/wp\/v2\/posts"}],"about":[{"href":"https:\/\/diarioelfederaense.com.ar\/index.php?rest_route=\/wp\/v2\/types\/post"}],"author":[{"embeddable":true,"href":"https:\/\/diarioelfederaense.com.ar\/index.php?rest_route=\/wp\/v2\/users\/2"}],"replies":[{"embeddable":true,"href":"https:\/\/diarioelfederaense.com.ar\/index.php?rest_route=%2Fwp%2Fv2%2Fcomments&post=5692"}],"version-history":[{"count":1,"href":"https:\/\/diarioelfederaense.com.ar\/index.php?rest_route=\/wp\/v2\/posts\/5692\/revisions"}],"predecessor-version":[{"id":5694,"href":"https:\/\/diarioelfederaense.com.ar\/index.php?rest_route=\/wp\/v2\/posts\/5692\/revisions\/5694"}],"wp:featuredmedia":[{"embeddable":true,"href":"https:\/\/diarioelfederaense.com.ar\/index.php?rest_route=\/wp\/v2\/media\/5693"}],"wp:attachment":[{"href":"https:\/\/diarioelfederaense.com.ar\/index.php?rest_route=%2Fwp%2Fv2%2Fmedia&parent=5692"}],"wp:term":[{"taxonomy":"category","embeddable":true,"href":"https:\/\/diarioelfederaense.com.ar\/index.php?rest_route=%2Fwp%2Fv2%2Fcategories&post=5692"},{"taxonomy":"post_tag","embeddable":true,"href":"https:\/\/diarioelfederaense.com.ar\/index.php?rest_route=%2Fwp%2Fv2%2Ftags&post=5692"}],"curies":[{"name":"wp","href":"https:\/\/api.w.org\/{rel}","templated":true}]}}