{"id":5690,"date":"2025-10-29T15:12:07","date_gmt":"2025-10-29T18:12:07","guid":{"rendered":"https:\/\/diarioelfederaense.com.ar\/?p=5690"},"modified":"2025-10-29T15:12:08","modified_gmt":"2025-10-29T18:12:08","slug":"edicto-2","status":"publish","type":"post","link":"https:\/\/diarioelfederaense.com.ar\/?p=5690","title":{"rendered":"EDICTO"},"content":{"rendered":"\n<p>En virtud del Decreto Provincial N\u00b04977\/09 de la Secretar\u00eda de Ambiente de la Provincia de Entre R\u00edos, en el cual se establece que, toda actividad debe ser evaluada por esta Secretar\u00eda y que una vez aprobada la misma se debe cumplir con el Proceso de Participaci\u00f3n Ciudadana.<br>El mismo estar\u00e1 a cargo de esta dependencia; poni\u00e9ndose a disposici\u00f3n de la poblaci\u00f3n a partir del 27, hasta el 31 de octubre inclusive el Informe Ambiental del Expediente N. \u00ba3.207.451; correspondiente a la granja Zord\u00e1n, para cr\u00eda y engorde de pollos parrilleros, propiedad de N\u00e9stor Pascual Zord\u00e1n, ubicada en el km 299 de la Autov\u00eda Jos\u00e9 G. Artigas, Gualeguaycito, Dpto. Federaci\u00f3n, Entre R\u00edos.<br>La documentaci\u00f3n de referencia, como el libro de actas, estar\u00e1n a disposici\u00f3n de la ciudadan\u00eda, en la Comisar\u00eda N.\u00ba 18 \u201cGualeguaycito\u201d, en el horario de 08:00 a 18:00<\/p>\n","protected":false},"excerpt":{"rendered":"<p>En virtud del Decreto Provincial N\u00b04977\/09 de la Secretar\u00eda de Ambiente de la Provincia de Entre R\u00edos, en el cual se establece que, toda actividad debe ser evaluada por esta Secretar\u00eda y que una vez aprobada la misma se debe cumplir con el Proceso de Participaci\u00f3n Ciudadana.El mismo estar\u00e1 a cargo de esta dependencia; poni\u00e9ndose [&hellip;]<\/p>\n","protected":false},"author":2,"featured_media":0,"comment_status":"closed","ping_status":"closed","sticky":false,"template":"","format":"standard","meta":{"_et_pb_use_builder":"","_et_pb_old_content":"","footnotes":""},"categories":[1],"tags":[],"class_list":["post-5690","post","type-post","status-publish","format-standard","hentry","category-sin-categoria"],"_links":{"self":[{"href":"https:\/\/diarioelfederaense.com.ar\/index.php?rest_route=\/wp\/v2\/posts\/5690"}],"collection":[{"href":"https:\/\/diarioelfederaense.com.ar\/index.php?rest_route=\/wp\/v2\/posts"}],"about":[{"href":"https:\/\/diarioelfederaense.com.ar\/index.php?rest_route=\/wp\/v2\/types\/post"}],"author":[{"embeddable":true,"href":"https:\/\/diarioelfederaense.com.ar\/index.php?rest_route=\/wp\/v2\/users\/2"}],"replies":[{"embeddable":true,"href":"https:\/\/diarioelfederaense.com.ar\/index.php?rest_route=%2Fwp%2Fv2%2Fcomments&post=5690"}],"version-history":[{"count":1,"href":"https:\/\/diarioelfederaense.com.ar\/index.php?rest_route=\/wp\/v2\/posts\/5690\/revisions"}],"predecessor-version":[{"id":5691,"href":"https:\/\/diarioelfederaense.com.ar\/index.php?rest_route=\/wp\/v2\/posts\/5690\/revisions\/5691"}],"wp:attachment":[{"href":"https:\/\/diarioelfederaense.com.ar\/index.php?rest_route=%2Fwp%2Fv2%2Fmedia&parent=5690"}],"wp:term":[{"taxonomy":"category","embeddable":true,"href":"https:\/\/diarioelfederaense.com.ar\/index.php?rest_route=%2Fwp%2Fv2%2Fcategories&post=5690"},{"taxonomy":"post_tag","embeddable":true,"href":"https:\/\/diarioelfederaense.com.ar\/index.php?rest_route=%2Fwp%2Fv2%2Ftags&post=5690"}],"curies":[{"name":"wp","href":"https:\/\/api.w.org\/{rel}","templated":true}]}}