{"id":5687,"date":"2025-10-29T11:38:56","date_gmt":"2025-10-29T14:38:56","guid":{"rendered":"https:\/\/diarioelfederaense.com.ar\/?p=5687"},"modified":"2025-10-29T11:38:57","modified_gmt":"2025-10-29T14:38:57","slug":"renovacion-de-autoridades-en-el-club","status":"publish","type":"post","link":"https:\/\/diarioelfederaense.com.ar\/?p=5687","title":{"rendered":"RENOVACI\u00d3N DE AUTORIDADES EN EL CLUB"},"content":{"rendered":"\n<p>Leandro Silvestri: \u201cal Club Social de Federaci\u00f3n le falta orden y participaci\u00f3n\u201d<\/p>\n\n\n\n<p><a><\/a>El hist\u00f3rico Club Social de Federaci\u00f3n se encamina hacia un nuevo proceso electoral, y con \u00e9l renace el debate sobre el rumbo institucional y la necesidad de una conducci\u00f3n que recupere el protagonismo de los socios.<\/p>\n\n\n\n<p>En ese contexto, Leandro Silvestri, referente de una de las listas que se presentar\u00e1 a las elecciones, dialog\u00f3 con el programa \u00abEntre L\u00edneas\u00bb de Radio UNO Federaci\u00f3n sobre su propuesta y dej\u00f3 en claro uno de sus principales diagn\u00f3sticos \u201cal club le falta orden\u201d.<\/p>\n\n\n\n<p>Silvestri sostuvo que el objetivo de su grupo de trabajo es reorganizar la instituci\u00f3n, fortalecer las subcomisiones y abrir las puertas a todos los socios.<\/p>\n\n\n\n<p>\u201cQueremos trabajar de la mano con la gente, darle lugar a todos los que quieran aportar ideas y fortalecer el sentido de pertenencia. El Club Social siempre fue un espacio de encuentro para la comunidad, y esa esencia hay que mantenerla viva\u201d, expres\u00f3.<\/p>\n\n\n\n<p>El dirigente destac\u00f3 que su lista est\u00e1 conformada por un equipo amplio y generacionalmente diverso, que busca representar a las distintas disciplinas deportivas y sociales.<\/p>\n\n\n\n<p>\u201cSe fue sumando mucha gente con ganas de colaborar, de distintas edades y actividades. Eso demuestra que el Club Social sigue despertando pasi\u00f3n y compromiso\u201d, afirm\u00f3.<\/p>\n\n\n\n<p>Sobre los desaf\u00edos de la gesti\u00f3n, fue claro<\/p>\n\n\n\n<p>\u201cHay mucho por hacer, pero sobre todo hay que ordenar. La idea es consolidar una estructura que funcione de manera coordinada, transparente y participativa.\u201d<\/p>\n\n\n\n<p>Silvestri tambi\u00e9n remarc\u00f3 la relevancia del Club Social para toda la comunidad de Federaci\u00f3n<\/p>\n\n\n\n<p>\u201cNo se trata solo de los socios; el club es parte de la historia y del presente de la ciudad. Cada elecci\u00f3n trasciende porque la gente siente al club como algo propio.\u201d<\/p>\n\n\n\n<p>Finalmente, confirm\u00f3 que el proceso de elecci\u00f3n se llevar\u00e1 a cabo el pr\u00f3ximo 7 de noviembre tambi\u00e9n sum\u00f3 que el padr\u00f3n de votantes ser\u00e1 actualizado el 31 de octubre, con la informaci\u00f3n brindada por la Secretar\u00eda de la instituci\u00f3n. Solo podr\u00e1n votar los socios con la antig\u00fcedad m\u00ednima establecida en el reglamento.<\/p>\n\n\n\n<p>Las elecciones en el Club Social prometen ser un momento clave para definir el futuro de una instituci\u00f3n que busca volver a crecer con transparencia, participaci\u00f3n y orden.<\/p>\n\n\n\n<p>Redacci\u00f3n &#8211; La \u00daltima Campana<\/p>\n","protected":false},"excerpt":{"rendered":"<p>Leandro Silvestri: \u201cal Club Social de Federaci\u00f3n le falta orden y participaci\u00f3n\u201d El hist\u00f3rico Club Social de Federaci\u00f3n se encamina hacia un nuevo proceso electoral, y con \u00e9l renace el debate sobre el rumbo institucional y la necesidad de una conducci\u00f3n que recupere el protagonismo de los socios. En ese contexto, Leandro Silvestri, referente de [&hellip;]<\/p>\n","protected":false},"author":2,"featured_media":5688,"comment_status":"closed","ping_status":"closed","sticky":false,"template":"","format":"standard","meta":{"_et_pb_use_builder":"","_et_pb_old_content":"","footnotes":""},"categories":[1],"tags":[],"class_list":["post-5687","post","type-post","status-publish","format-standard","has-post-thumbnail","hentry","category-sin-categoria"],"_links":{"self":[{"href":"https:\/\/diarioelfederaense.com.ar\/index.php?rest_route=\/wp\/v2\/posts\/5687"}],"collection":[{"href":"https:\/\/diarioelfederaense.com.ar\/index.php?rest_route=\/wp\/v2\/posts"}],"about":[{"href":"https:\/\/diarioelfederaense.com.ar\/index.php?rest_route=\/wp\/v2\/types\/post"}],"author":[{"embeddable":true,"href":"https:\/\/diarioelfederaense.com.ar\/index.php?rest_route=\/wp\/v2\/users\/2"}],"replies":[{"embeddable":true,"href":"https:\/\/diarioelfederaense.com.ar\/index.php?rest_route=%2Fwp%2Fv2%2Fcomments&post=5687"}],"version-history":[{"count":1,"href":"https:\/\/diarioelfederaense.com.ar\/index.php?rest_route=\/wp\/v2\/posts\/5687\/revisions"}],"predecessor-version":[{"id":5689,"href":"https:\/\/diarioelfederaense.com.ar\/index.php?rest_route=\/wp\/v2\/posts\/5687\/revisions\/5689"}],"wp:featuredmedia":[{"embeddable":true,"href":"https:\/\/diarioelfederaense.com.ar\/index.php?rest_route=\/wp\/v2\/media\/5688"}],"wp:attachment":[{"href":"https:\/\/diarioelfederaense.com.ar\/index.php?rest_route=%2Fwp%2Fv2%2Fmedia&parent=5687"}],"wp:term":[{"taxonomy":"category","embeddable":true,"href":"https:\/\/diarioelfederaense.com.ar\/index.php?rest_route=%2Fwp%2Fv2%2Fcategories&post=5687"},{"taxonomy":"post_tag","embeddable":true,"href":"https:\/\/diarioelfederaense.com.ar\/index.php?rest_route=%2Fwp%2Fv2%2Ftags&post=5687"}],"curies":[{"name":"wp","href":"https:\/\/api.w.org\/{rel}","templated":true}]}}