{"id":5685,"date":"2025-10-29T07:29:40","date_gmt":"2025-10-29T10:29:40","guid":{"rendered":"https:\/\/diarioelfederaense.com.ar\/?p=5685"},"modified":"2025-10-29T07:29:40","modified_gmt":"2025-10-29T10:29:40","slug":"milei-convoca-a-algunos-gobernadores-para-el-jueves-y-se-pone-al-frente-de-una-mesa-de-dialogo","status":"publish","type":"post","link":"https:\/\/diarioelfederaense.com.ar\/?p=5685","title":{"rendered":"Milei convoca a algunos gobernadores para el jueves y se pone al frente de una mesa de di\u00e1logo"},"content":{"rendered":"\n<p>Desde la Casa Rosada comenzaron a convocar a  gobernadores para una reuni\u00f3n el jueves pr\u00f3ximo a las 17 con el presidente Javier Milei y los ministros de Econom\u00eda, Luis Caputo, y del Interior Lisandro Catal\u00e1n. Lo hicieron luego de la  victoria electoral del oficialismo en las elecciones legislativas del \u00faltimo domingo. En la agenda se incluir\u00e1n las reformas laboral y tributaria.<\/p>\n\n\n\n<p><\/p>\n\n\n\n<p>\u201cEl temario es lo que anunci\u00f3 el domingo el Presidente\u201d, indicaron desde la cartera pol\u00edtica, en referencia al discurso de tono conciliador que dio Milei desde el bunker de La Libertad Avanza (LLA). Algunos interpretaron que buscar\u00e1 formar las alianzas que le sugirieron en su paso por Estados Unidos, cuando se confirm\u00f3 la ayuda financiera de la administraci\u00f3n de Donald Trump.<\/p>\n\n\n\n<p>Milei ya hab\u00eda dado el aval para que empezaran los contactos y este martes se confirm\u00f3 el encuentro. El jefe de Gabinete, Guillermo Francos, y Catal\u00e1n fueron los encargados de empezar con los llamados y mensajes a las provincias. La expectativa es que, al menos, 17 mandatarios dar\u00e1n el presente.<\/p>\n\n\n\n<p>\u201cNo tengo problemas. Estoy dispuesto a sentarme con los gobernadores, no tengo problema con ninguno de ellos\u201d, dijo el Presidente el lunes en A24. Y complet\u00f3: \u201cMuchos de ellos ayer me escribieron para felicitarme. Tengo contacto con ellos. Hay toda una parafernalia fantasmag\u00f3rica que no existe. Adem\u00e1s, antes yo no me ocupaba de eso, pero hace un tiempo que me vengo ocupando activamente\u201d.<\/p>\n\n\n\n<p>En la Casa Rosada interpretan que, salvo los peronistas, el resto asistir\u00e1.\u00a0<strong>Rogelio Frigerio (Entre R\u00edos)<\/strong>, Leandro Zdero (Chaco), Jorge Macri (CABA) y Alfredo Cornejo (Mendoza), los aliados electorales de La Libertad Avanza (LLA) fueron los primeros en intercambiar mensajes con los funcionarios nacionales.<\/p>\n\n\n\n<p>Tambi\u00e9n recibieron la invitaci\u00f3n Rolando Figueroa (Neuqu\u00e9n), Ra\u00fal Jalil (Catamarca), Carlos Sadir (Jujuy) y Alberto Weretilneck (R\u00edo Negro). Este lunes se cont\u00f3 que cay\u00f3 bien entre  gobernadores el discurso de tono conciliador del Presidente. Los temas a plantear por parte de la Rosada son las reformas de segundo grado que apunta a sacar del nuevo Congreso el oficialismo, comenzando por la laboral.<\/p>\n\n\n\n<h3 class=\"wp-block-heading\">Las demandas de las provincias<\/h3>\n\n\n\n<p>Los gobernadores, por su parte, seguramente insistir\u00e1n con los temas que tienen pendientes desde hace meses: distribuci\u00f3n de ATN e impuesto a los combustibles, obra p\u00fablica, aportes de Anses a cajas de jubilaciones no transferidas y el presupuesto 2026, que el oficialismo tiene intenci\u00f3n de debatir ya con la nueva composici\u00f3n del Congreso.<\/p>\n\n\n\n<p>M\u00e1s all\u00e1 de que la convocatoria sea para las reformas que aspira a conseguir LLA, los gobernadores pondr\u00e1n sobre la mesa esa agenda que es sobre la que en los \u00faltimos meses no consiguieron avanzar. Aunque la mayor\u00eda fue derrotado en su distrito, esperan que la mayor vocaci\u00f3n a buscar consensos que mostr\u00f3 el Presidente les permita tratar esos puntos.<\/p>\n\n\n\n<p>Un avance del encuentro del jueves fue la reuni\u00f3n que el neuquino Figueroa mantuvo con Caputo en Econom\u00eda. El mandatario afirm\u00f3 que fue para \u201cavanzar con las obras de infraestructura que garanticen un desarrollo equilibrado en toda la provincia\u201d. Mencion\u00f3 que se busca trabajar \u201cpensando en el post Vaca Muerta y en la consolidaci\u00f3n de un modelo neuquino basado en el bienestar y las oportunidades\u201d.<\/p>\n\n\n\n<p>Hasta el momento -fuera de la firma del Pacto de Mayo en julio del a\u00f1o pasado en Tucum\u00e1n-, el Presidente se reuni\u00f3 una sola vez con los 24 gobernadores. Fue el 19 de diciembre del 2023, apenas asumi\u00f3. Desde entonces solo recibi\u00f3 a algunos de los aliados que ayudaron a sostener los vetos presidenciales.<\/p>\n\n\n\n<p>Para los gobernadores, un factor clave en esta nueva etapa es que el ministro de Econom\u00eda participe del di\u00e1logo. \u201cAntes negociaban Francos o Catal\u00e1n y les hac\u00edan dejar la billetera antes de las reuniones\u201d, ironiz\u00f3 un mandatario ante este diario.<\/p>\n","protected":false},"excerpt":{"rendered":"<p>Desde la Casa Rosada comenzaron a convocar a gobernadores para una reuni\u00f3n el jueves pr\u00f3ximo a las 17 con el presidente Javier Milei y los ministros de Econom\u00eda, Luis Caputo, y del Interior Lisandro Catal\u00e1n. Lo hicieron luego de la victoria electoral del oficialismo en las elecciones legislativas del \u00faltimo domingo. En la agenda se [&hellip;]<\/p>\n","protected":false},"author":2,"featured_media":0,"comment_status":"closed","ping_status":"closed","sticky":false,"template":"","format":"standard","meta":{"_et_pb_use_builder":"","_et_pb_old_content":"","footnotes":""},"categories":[1],"tags":[],"class_list":["post-5685","post","type-post","status-publish","format-standard","hentry","category-sin-categoria"],"_links":{"self":[{"href":"https:\/\/diarioelfederaense.com.ar\/index.php?rest_route=\/wp\/v2\/posts\/5685"}],"collection":[{"href":"https:\/\/diarioelfederaense.com.ar\/index.php?rest_route=\/wp\/v2\/posts"}],"about":[{"href":"https:\/\/diarioelfederaense.com.ar\/index.php?rest_route=\/wp\/v2\/types\/post"}],"author":[{"embeddable":true,"href":"https:\/\/diarioelfederaense.com.ar\/index.php?rest_route=\/wp\/v2\/users\/2"}],"replies":[{"embeddable":true,"href":"https:\/\/diarioelfederaense.com.ar\/index.php?rest_route=%2Fwp%2Fv2%2Fcomments&post=5685"}],"version-history":[{"count":1,"href":"https:\/\/diarioelfederaense.com.ar\/index.php?rest_route=\/wp\/v2\/posts\/5685\/revisions"}],"predecessor-version":[{"id":5686,"href":"https:\/\/diarioelfederaense.com.ar\/index.php?rest_route=\/wp\/v2\/posts\/5685\/revisions\/5686"}],"wp:attachment":[{"href":"https:\/\/diarioelfederaense.com.ar\/index.php?rest_route=%2Fwp%2Fv2%2Fmedia&parent=5685"}],"wp:term":[{"taxonomy":"category","embeddable":true,"href":"https:\/\/diarioelfederaense.com.ar\/index.php?rest_route=%2Fwp%2Fv2%2Fcategories&post=5685"},{"taxonomy":"post_tag","embeddable":true,"href":"https:\/\/diarioelfederaense.com.ar\/index.php?rest_route=%2Fwp%2Fv2%2Ftags&post=5685"}],"curies":[{"name":"wp","href":"https:\/\/api.w.org\/{rel}","templated":true}]}}