{"id":5682,"date":"2025-10-28T22:21:40","date_gmt":"2025-10-29T01:21:40","guid":{"rendered":"https:\/\/diarioelfederaense.com.ar\/?p=5682"},"modified":"2025-10-28T22:21:41","modified_gmt":"2025-10-29T01:21:41","slug":"afirman-que-concordia-se-consolida-como-destino-clave-para-el-turismo-de-reuniones-y-eventos","status":"publish","type":"post","link":"https:\/\/diarioelfederaense.com.ar\/?p=5682","title":{"rendered":"Afirman que Concordia se consolida como destino clave para el turismo de reuniones y eventos"},"content":{"rendered":"\n<h2 class=\"wp-block-heading\">Seg\u00fan datos del Observatorio Tur\u00edstico de la Subsecretar\u00eda de Turismo de la Municipalidad de Concordia, durante los \u00faltimos dos meses de 2025 la ciudad fue sede de 29 eventos de diversas caracter\u00edsticas<\/h2>\n\n\n\n<p><\/p>\n\n\n\n<p><a target=\"_blank\" href=\"https:\/\/api.whatsapp.com\/send?text=Afirman%20que%20Concordia%20se%20consolida%20como%20destino%20clave%20para%20el%20turismo%20de%20reuniones%20y%20eventos%20-%20https:\/\/diarioriouruguay.com\/concordia\/\/afirman-que-concordia-se-consolida-como-destino-clave-para-el-turismo-de-reuniones-y-eventos.htm\" rel=\"noreferrer noopener\"><\/a><a href=\"https:\/\/diarioriouruguay.com\/concordia\/afirman-que-concordia-se-consolida-como-destino-clave-para-el-turismo-de-reuniones-y-eventos.htm#\"><\/a><a href=\"javascript:copyLink('aviso', 'URL Copiada');\"><\/a><a href=\"https:\/\/diarioriouruguay.com\/concordia\/afirman-que-concordia-se-consolida-como-destino-clave-para-el-turismo-de-reuniones-y-eventos.htm#\"><\/a><a target=\"_blank\" href=\"\/\/diarioriouruguay.com\/concordia\/\/afirman-que-concordia-se-consolida-como-destino-clave-para-el-turismo-de-reuniones-y-eventos.htm\" rel=\"noreferrer noopener\"><\/a><a href=\"https:\/\/diarioriouruguay.com\/concordia\/afirman-que-concordia-se-consolida-como-destino-clave-para-el-turismo-de-reuniones-y-eventos.htm#comentarios\"><\/a><\/p>\n\n\n\n<figure class=\"wp-block-image\"><img decoding=\"async\" src=\"https:\/\/diarioriouruguay.com\/galeria\/fotos\/2025\/10\/28\/l_1761682577_1804.webp\" alt=\"Apunta a reforzar estas actividades con la apertura del aeropuerto de Concordia.\" title=\"Apunta a reforzar estas actividades con la apertura del aeropuerto de Concordia.\"\/><figcaption class=\"wp-element-caption\">Apunta a reforzar estas actividades con la apertura del aeropuerto de Concordia.<\/figcaption><\/figure>\n\n\n\n<p>Turismo de reuniones en Concordia. Durante los meses de septiembre y octubre, Concordia vivi\u00f3 un intenso calendario de actividades, m\u00e1s precisamente la ciudad fue sede de 29 eventos de diversas caracter\u00edsticas, \u201cconsolidando su rol como un referente regional y nacional para actividades culturales, acad\u00e9micas, deportivas y sociales\u201d, destacaron desde el municipio.<\/p>\n\n\n\n<p>Por consiguiente, en septiembre, Concordia vivi\u00f3 un mes de intensas actividades, entre las m\u00e1s destacadas fueron la 5\u00aa edici\u00f3n de \u201cEntre R\u00edos, Entre Vi\u00f1as\u201d, la primera edici\u00f3n de la Feria Provincial del Libro, el regreso tras una d\u00e9cada de la edici\u00f3n N\u00b0 22 del \u201cGran Premio Hist\u00f3rico ACA\u201d, la primera experiencia ConerTech de tecnolog\u00eda e innovaci\u00f3n y la Fiesta Provincial de la Pesca del Bagre Amarillo y la Fiesta del Bicudo, que aportaron movimiento tur\u00edstico, cultural y deportivo.<\/p>\n\n\n\n<figure class=\"wp-block-image\"><a href=\"https:\/\/vallejosmateriales.com.ar\/\" target=\"_blank\" rel=\"noreferrer noopener\"><img decoding=\"async\" src=\"https:\/\/diarioriouruguay.com\/galeria\/publicidad\/1739992426.png\" alt=\"\"\/><\/a><\/figure>\n\n\n\n<p>En tanto, en el mes de octubre, la ciudad mantuvo ese impulso con la primera edici\u00f3n de \u201cConcordia Produce\u201d, el Oktobeerfest, la oficializaci\u00f3n de Concordia como Ciudad Art Nouveau de Am\u00e9rica 2025, y la Expo D\u00eda de la Madre.<\/p>\n\n\n\n<h3 class=\"wp-block-heading\">Detalles y caracter\u00edsticas de las actividades<\/h3>\n\n\n\n<p>Las sedes m\u00e1s elegidas fueron el Centro de Convenciones Concordia, los espacios al aire libre y las universidades. Tambi\u00e9n se destacaron los clubes deportivos y el predio ferial, junto a auditorios, establecimientos rurales, museos y bodegas que aportaron variedad y singularidad a los escenarios elegidos.<\/p>\n\n\n\n<p>En relaci\u00f3n con el origen de las entidades organizadoras, predominaron los eventos de car\u00e1cter asociativo y acad\u00e9mico, seguidos por aquellos impulsados desde el \u00e1mbito gubernamental y en menor medida por iniciativas corporativas y no gubernamentales, reflejando una articulaci\u00f3n equilibrada entre distintos sectores, se\u00f1alaron desde el municipio.<\/p>\n\n\n\n<figure class=\"wp-block-image\"><a href=\"https:\/\/www.facebook.com\/Colegio-de-la-Abogac%C3%ADa-Secci%C3%B3n-Concordia-1402821179792952\/\" target=\"_blank\" rel=\"noreferrer noopener\"><img decoding=\"async\" src=\"https:\/\/diarioriouruguay.com\/galeria\/publicidad\/1739995676.gif\" alt=\"\"\/><\/a><\/figure>\n\n\n\n<h3 class=\"wp-block-heading\">Tem\u00e1ticas, diversidad y aeropuerto<\/h3>\n\n\n\n<p>En cuanto a las tem\u00e1ticas abordadas, se destacaron principalmente la Educaci\u00f3n, el Arte y Dise\u00f1o, y el Deporte y Ocio, seguidas por actividades vinculadas a la Tecnolog\u00eda, la Gastronom\u00eda y los Automotores.<\/p>\n\n\n\n<p>Este volumen y diversidad de eventos \u201cimpulsa la hoteler\u00eda, la gastronom\u00eda, el comercio y los servicios locales y fortalece a Concordia como ciudad estrat\u00e9gica en turismo de reuniones, tanto a nivel nacional como a la regi\u00f3n binacional Salto Grande\u201d, precisaron.<\/p>\n\n\n\n<p>En ese marco, desde las \u00e1reas a fines de la Municipalidad de Concordia afirmaron que \u201cse contin\u00faa trabajando de manera articulada para sostener y ampliar la agenda, potenciando la actividad econ\u00f3mica, cultural y tur\u00edstica de la ciudad, apoyada adem\u00e1s por la apertura del aeropuerto \u201cComodoro Pierrestegui\u201d, que muy pronto va a reforzar la conectividad y la llegada de visitantes\u201d.<\/p>\n","protected":false},"excerpt":{"rendered":"<p>Seg\u00fan datos del Observatorio Tur\u00edstico de la Subsecretar\u00eda de Turismo de la Municipalidad de Concordia, durante los \u00faltimos dos meses de 2025 la ciudad fue sede de 29 eventos de diversas caracter\u00edsticas Turismo de reuniones en Concordia. Durante los meses de septiembre y octubre, Concordia vivi\u00f3 un intenso calendario de actividades, m\u00e1s precisamente la ciudad [&hellip;]<\/p>\n","protected":false},"author":2,"featured_media":5683,"comment_status":"closed","ping_status":"closed","sticky":false,"template":"","format":"standard","meta":{"_et_pb_use_builder":"","_et_pb_old_content":"","footnotes":""},"categories":[1],"tags":[],"class_list":["post-5682","post","type-post","status-publish","format-standard","has-post-thumbnail","hentry","category-sin-categoria"],"_links":{"self":[{"href":"https:\/\/diarioelfederaense.com.ar\/index.php?rest_route=\/wp\/v2\/posts\/5682"}],"collection":[{"href":"https:\/\/diarioelfederaense.com.ar\/index.php?rest_route=\/wp\/v2\/posts"}],"about":[{"href":"https:\/\/diarioelfederaense.com.ar\/index.php?rest_route=\/wp\/v2\/types\/post"}],"author":[{"embeddable":true,"href":"https:\/\/diarioelfederaense.com.ar\/index.php?rest_route=\/wp\/v2\/users\/2"}],"replies":[{"embeddable":true,"href":"https:\/\/diarioelfederaense.com.ar\/index.php?rest_route=%2Fwp%2Fv2%2Fcomments&post=5682"}],"version-history":[{"count":1,"href":"https:\/\/diarioelfederaense.com.ar\/index.php?rest_route=\/wp\/v2\/posts\/5682\/revisions"}],"predecessor-version":[{"id":5684,"href":"https:\/\/diarioelfederaense.com.ar\/index.php?rest_route=\/wp\/v2\/posts\/5682\/revisions\/5684"}],"wp:featuredmedia":[{"embeddable":true,"href":"https:\/\/diarioelfederaense.com.ar\/index.php?rest_route=\/wp\/v2\/media\/5683"}],"wp:attachment":[{"href":"https:\/\/diarioelfederaense.com.ar\/index.php?rest_route=%2Fwp%2Fv2%2Fmedia&parent=5682"}],"wp:term":[{"taxonomy":"category","embeddable":true,"href":"https:\/\/diarioelfederaense.com.ar\/index.php?rest_route=%2Fwp%2Fv2%2Fcategories&post=5682"},{"taxonomy":"post_tag","embeddable":true,"href":"https:\/\/diarioelfederaense.com.ar\/index.php?rest_route=%2Fwp%2Fv2%2Ftags&post=5682"}],"curies":[{"name":"wp","href":"https:\/\/api.w.org\/{rel}","templated":true}]}}