{"id":5676,"date":"2025-10-28T21:45:01","date_gmt":"2025-10-29T00:45:01","guid":{"rendered":"https:\/\/diarioelfederaense.com.ar\/?p=5676"},"modified":"2025-10-28T21:45:02","modified_gmt":"2025-10-29T00:45:02","slug":"la-ciudad-quedo-practicamente-paralizada-conto-una-concordiense-desde-rio-de-janeiro","status":"publish","type":"post","link":"https:\/\/diarioelfederaense.com.ar\/?p=5676","title":{"rendered":"\u201cLa ciudad qued\u00f3 pr\u00e1cticamente paralizada\u201d, cont\u00f3 una concordiense desde R\u00edo de Janeiro"},"content":{"rendered":"\n<p><a><\/a>La periodista Ver\u00f3nica Rojas describi\u00f3 la dram\u00e1tica situaci\u00f3n que se vive en la ciudad carioca, luego de una violenta operaci\u00f3n policial en las favelas de la zona norte, que dej\u00f3 al menos unos 60 muertos.<\/p>\n\n\n\n<p>Concordiense R\u00edo de Janeiro. La periodista deportiva, que desde hace un par de a\u00f1os vive en ciudad brasile\u00f1a, dialog\u00f3 con Diario R\u00edo Uruguay y comenz\u00f3 se\u00f1alando que el martes \u201cparec\u00eda un d\u00eda normal, con un operativo policial m\u00e1s, pero todo comenz\u00f3 a complicarse alrededor del mediod\u00eda\u201d, cont\u00f3 Vero Rojas.<\/p>\n\n\n\n<p>Seg\u00fan relat\u00f3, las fuerzas del BOPE (Batall\u00f3n de Operaciones Especiales de la Polic\u00eda) irrumpieron en dos de los complejos de favelas m\u00e1s grandes de R\u00edo: Complexo do Alem\u00e3o y Complexo da Penha, en el marco de un enfrentamiento con miembros del Comando Vermelho, una de las organizaciones del narcotr\u00e1fico m\u00e1s poderosas del estado.<\/p>\n\n\n\n<p>\u201cTodo se origin\u00f3 a ra\u00edz del asesinato de cuatro polic\u00edas del BOPE, y a partir de eso comenz\u00f3 una operaci\u00f3n que deriv\u00f3 en un enfrentamiento de enorme magnitud. Hasta el mediod\u00eda todo parec\u00eda controlado, pero luego la cifra de muertos empez\u00f3 a crecer \u2014ya iban m\u00e1s de 20\u2014 y tambi\u00e9n se confirmaron tres polic\u00edas fallecidos\u201d, explic\u00f3 la periodista.<\/p>\n\n\n\n<p>Ciudad en alerta<\/p>\n\n\n\n<p>La Municipalidad de R\u00edo de Janeiro declar\u00f3 el estado de alerta n\u00famero 2, un nivel que implica el cierre de arterias principales como la L\u00ednea Amarela y la L\u00ednea Vermelha, v\u00edas que conectan la zona norte con la zona sur de la ciudad.<\/p>\n\n\n\n<p>\u201cLos bandidos comenzaron a interceptar \u00f3mnibus y hasta se vio afectado el acceso al aeropuerto internacional de Gale\u00e3o. Ah\u00ed fue cuando empez\u00f3 el miedo real, porque el conflicto se extendi\u00f3 m\u00e1s all\u00e1 de las favelas\u201d, detall\u00f3 Rojas.<\/p>\n\n\n\n<p>La periodista cont\u00f3 adem\u00e1s que la situaci\u00f3n impact\u00f3 directamente en la vida cotidiana: \u201cEl horario de cierre de los comercios se adelant\u00f3 a las seis de la tarde \u2014cuando normalmente se trabaja hasta las diez\u2014 para que la gente pueda llegar a sus casas antes de las ocho, como pidi\u00f3 la prefectura. Varias l\u00edneas de colectivos suspendieron sus recorridos por seguridad\u201d. En la noche del martes, los \u00fanicos medios de transporte que funcionaban con relativa normalidad son el metro (subte) y algunas micros, aunque con fuertes medidas de precauci\u00f3n.<\/p>\n\n\n\n<p>El miedo en las calles<\/p>\n\n\n\n<p>Rojas, que trabaja en el barrio de Leblon, describi\u00f3 c\u00f3mo se vive el clima en la zona sur, donde se concentran los principales puntos tur\u00edsticos.<\/p>\n\n\n\n<p>\u201cEn algunos comercios comenzaron a cerrar temprano. Se nota menos gente en la calle, menos movimiento en caf\u00e9s y restaurantes. El metro est\u00e1 lleno, con personas tratando de regresar a sus casas lo antes posible. En la zona central hubo momentos de tensi\u00f3n, robos y corridas en las estaciones, con gente saltando molinetes en medio de la desesperaci\u00f3n\u201d, relat\u00f3.<\/p>\n\n\n\n<p>Vero Rojas en la ciudad en la que vive desde hace un par de a&amp;ntilde;os.<\/p>\n\n\n\n<p>Vero Rojas en la ciudad en la que vive desde hace un par de a\u00f1os.<\/p>\n\n\n\n<p>Pese a la gravedad del conflicto, la periodista aclar\u00f3 que en sectores tur\u00edsticos como Copacabana o Ipanema la situaci\u00f3n se mantiene relativamente tranquila, aunque con menor circulaci\u00f3n de personas. \u201cLos turistas muchas veces no est\u00e1n al tanto de lo que pasa o se enteran tarde, pero la realidad de la zona sur siempre es distinta a la del resto de la ciudad\u201d, observ\u00f3.<\/p>\n\n\n\n<p>R\u00edo casi paralizada<\/p>\n\n\n\n<p>Por \u00faltimo, la periodista concordiense reflexion\u00f3 sobre la magnitud del operativo y el impacto en la poblaci\u00f3n, afirmando que \u201cdesde que vivo en Brasil, es la primera vez que me toca vivir algo as\u00ed. En otras ocasiones los conflictos se limitan a una o dos comunidades, pero ahora el estado de alerta afect\u00f3 pr\u00e1cticamente a toda la ciudad. R\u00edo qued\u00f3 casi paralizada\u201d, concluy\u00f3.<\/p>\n","protected":false},"excerpt":{"rendered":"<p>La periodista Ver\u00f3nica Rojas describi\u00f3 la dram\u00e1tica situaci\u00f3n que se vive en la ciudad carioca, luego de una violenta operaci\u00f3n policial en las favelas de la zona norte, que dej\u00f3 al menos unos 60 muertos. Concordiense R\u00edo de Janeiro. La periodista deportiva, que desde hace un par de a\u00f1os vive en ciudad brasile\u00f1a, dialog\u00f3 con [&hellip;]<\/p>\n","protected":false},"author":2,"featured_media":5677,"comment_status":"closed","ping_status":"closed","sticky":false,"template":"","format":"standard","meta":{"_et_pb_use_builder":"","_et_pb_old_content":"","footnotes":""},"categories":[1],"tags":[],"class_list":["post-5676","post","type-post","status-publish","format-standard","has-post-thumbnail","hentry","category-sin-categoria"],"_links":{"self":[{"href":"https:\/\/diarioelfederaense.com.ar\/index.php?rest_route=\/wp\/v2\/posts\/5676"}],"collection":[{"href":"https:\/\/diarioelfederaense.com.ar\/index.php?rest_route=\/wp\/v2\/posts"}],"about":[{"href":"https:\/\/diarioelfederaense.com.ar\/index.php?rest_route=\/wp\/v2\/types\/post"}],"author":[{"embeddable":true,"href":"https:\/\/diarioelfederaense.com.ar\/index.php?rest_route=\/wp\/v2\/users\/2"}],"replies":[{"embeddable":true,"href":"https:\/\/diarioelfederaense.com.ar\/index.php?rest_route=%2Fwp%2Fv2%2Fcomments&post=5676"}],"version-history":[{"count":1,"href":"https:\/\/diarioelfederaense.com.ar\/index.php?rest_route=\/wp\/v2\/posts\/5676\/revisions"}],"predecessor-version":[{"id":5678,"href":"https:\/\/diarioelfederaense.com.ar\/index.php?rest_route=\/wp\/v2\/posts\/5676\/revisions\/5678"}],"wp:featuredmedia":[{"embeddable":true,"href":"https:\/\/diarioelfederaense.com.ar\/index.php?rest_route=\/wp\/v2\/media\/5677"}],"wp:attachment":[{"href":"https:\/\/diarioelfederaense.com.ar\/index.php?rest_route=%2Fwp%2Fv2%2Fmedia&parent=5676"}],"wp:term":[{"taxonomy":"category","embeddable":true,"href":"https:\/\/diarioelfederaense.com.ar\/index.php?rest_route=%2Fwp%2Fv2%2Fcategories&post=5676"},{"taxonomy":"post_tag","embeddable":true,"href":"https:\/\/diarioelfederaense.com.ar\/index.php?rest_route=%2Fwp%2Fv2%2Ftags&post=5676"}],"curies":[{"name":"wp","href":"https:\/\/api.w.org\/{rel}","templated":true}]}}