{"id":5673,"date":"2025-10-28T17:34:35","date_gmt":"2025-10-28T20:34:35","guid":{"rendered":"https:\/\/diarioelfederaense.com.ar\/?p=5673"},"modified":"2025-10-28T17:34:36","modified_gmt":"2025-10-28T20:34:36","slug":"recepcion-de-nuevos-insumos-para-el-area-de-discapacidad-de-la-municipalidad-de-federacion","status":"publish","type":"post","link":"https:\/\/diarioelfederaense.com.ar\/?p=5673","title":{"rendered":"RECEPCI\u00d3N DE NUEVOS INSUMOS PARA EL \u00c1REA DE DISCAPACIDAD DE LA MUNICIPALIDAD DE FEDERACI\u00d3N."},"content":{"rendered":"\n<p><a><\/a>El \u00c1rea de Discapacidad, dependiente de la Secretar\u00eda de Desarrollo Humano y Salud, recibi\u00f3 en el d\u00eda de hoy 3 sillas de Ruedas y 1 bast\u00f3n blanco para personas ciegas. Esto es consecuencia de las gestiones realizadas ante la ONG Cilsa.<\/p>\n\n\n\n<p>Dichos insumos t\u00e9cnicos est\u00e1n destinados a personas con movilidad reducida que realizaron el tr\u00e1mite en el \u00c1rea de Discapacidad, a cargo de M\u00f3nica Panozzo.<\/p>\n","protected":false},"excerpt":{"rendered":"<p>El \u00c1rea de Discapacidad, dependiente de la Secretar\u00eda de Desarrollo Humano y Salud, recibi\u00f3 en el d\u00eda de hoy 3 sillas de Ruedas y 1 bast\u00f3n blanco para personas ciegas. Esto es consecuencia de las gestiones realizadas ante la ONG Cilsa. Dichos insumos t\u00e9cnicos est\u00e1n destinados a personas con movilidad reducida que realizaron el tr\u00e1mite [&hellip;]<\/p>\n","protected":false},"author":2,"featured_media":5674,"comment_status":"closed","ping_status":"closed","sticky":false,"template":"","format":"standard","meta":{"_et_pb_use_builder":"","_et_pb_old_content":"","footnotes":""},"categories":[1],"tags":[],"class_list":["post-5673","post","type-post","status-publish","format-standard","has-post-thumbnail","hentry","category-sin-categoria"],"_links":{"self":[{"href":"https:\/\/diarioelfederaense.com.ar\/index.php?rest_route=\/wp\/v2\/posts\/5673"}],"collection":[{"href":"https:\/\/diarioelfederaense.com.ar\/index.php?rest_route=\/wp\/v2\/posts"}],"about":[{"href":"https:\/\/diarioelfederaense.com.ar\/index.php?rest_route=\/wp\/v2\/types\/post"}],"author":[{"embeddable":true,"href":"https:\/\/diarioelfederaense.com.ar\/index.php?rest_route=\/wp\/v2\/users\/2"}],"replies":[{"embeddable":true,"href":"https:\/\/diarioelfederaense.com.ar\/index.php?rest_route=%2Fwp%2Fv2%2Fcomments&post=5673"}],"version-history":[{"count":1,"href":"https:\/\/diarioelfederaense.com.ar\/index.php?rest_route=\/wp\/v2\/posts\/5673\/revisions"}],"predecessor-version":[{"id":5675,"href":"https:\/\/diarioelfederaense.com.ar\/index.php?rest_route=\/wp\/v2\/posts\/5673\/revisions\/5675"}],"wp:featuredmedia":[{"embeddable":true,"href":"https:\/\/diarioelfederaense.com.ar\/index.php?rest_route=\/wp\/v2\/media\/5674"}],"wp:attachment":[{"href":"https:\/\/diarioelfederaense.com.ar\/index.php?rest_route=%2Fwp%2Fv2%2Fmedia&parent=5673"}],"wp:term":[{"taxonomy":"category","embeddable":true,"href":"https:\/\/diarioelfederaense.com.ar\/index.php?rest_route=%2Fwp%2Fv2%2Fcategories&post=5673"},{"taxonomy":"post_tag","embeddable":true,"href":"https:\/\/diarioelfederaense.com.ar\/index.php?rest_route=%2Fwp%2Fv2%2Ftags&post=5673"}],"curies":[{"name":"wp","href":"https:\/\/api.w.org\/{rel}","templated":true}]}}