{"id":5670,"date":"2025-10-28T14:39:37","date_gmt":"2025-10-28T17:39:37","guid":{"rendered":"https:\/\/diarioelfederaense.com.ar\/?p=5670"},"modified":"2025-10-28T14:39:38","modified_gmt":"2025-10-28T17:39:38","slug":"se-confirma-la-disputa-por-la-conduccion-en-social-federacion-habra-2-listas","status":"publish","type":"post","link":"https:\/\/diarioelfederaense.com.ar\/?p=5670","title":{"rendered":"SE CONFIRMA LA DISPUTA POR LA CONDUCCI\u00d3N EN SOCIAL FEDERACI\u00d3N; HABR\u00c1 2 LISTAS"},"content":{"rendered":"\n<p><a><\/a>Se cumpli\u00f3 la presentaci\u00f3n de 2 listas para la elecci\u00f3n de la nueva conducci\u00f3n del Club Social Federaci\u00f3n.<\/p>\n\n\n\n<p>A la ya presentada por Leandro Silvestri se suma la del actual oficialismo.<\/p>\n\n\n\n<p>EL OFICIALISMO DE SOCIAL FEDERACI\u00d3N VA POR LA REELECCI\u00d3N CON MARIO SERI AL FRENTE DEL \u201cCELESTE\u201d<\/p>\n\n\n\n<p>El oficialismo de Social Federaci\u00f3n, con la Lista \u00abPor Siempre Celeste\u00bb, buscar\u00e1 la reelecci\u00f3n con la presidencia de Mario Seri, en el marco de la renovaci\u00f3n de autoridades que se realizar\u00e1 el viernes 7 de noviembre a las 19 horas, en la sede de la instituci\u00f3n.<\/p>\n\n\n\n<p>En un adelanto de lo expresado por Mario Seri a Informe Ciudadano, el actual presidente manifest\u00f3, \u201cluego de dos a\u00f1os de mandato, renovamos la apuesta por un per\u00edodo m\u00e1s, poniendo en la balanza lo que se logr\u00f3, en lo que se est\u00e1 trabajando y los desaf\u00edos que vienen.<\/p>\n\n\n\n<p>\u00abAgradecemos a la comunidad de Federaci\u00f3n por su generosidad al colaborar con nuestros deportes, al entorno afectivo de jugadores y jugadoras, y en particular a los socios que integran la familia Celeste los 365 d\u00edas del a\u00f1o, a quienes esperamos el 7 de noviembre a que nos acompa\u00f1en\u201d expres\u00f3 el actual presidente.<\/p>\n\n\n\n<p>Seri destac\u00f3 la importancia de priorizar las formativas, entendiendo el valor que tiene la pr\u00e1ctica deportiva desde edades tempranas. Tambi\u00e9n subray\u00f3 los avances en infraestructura alcanzados en este per\u00edodo, \u201cun piso deportivo, un play\u00f3n con proyecci\u00f3n a otro gimnasio, una cancha de polvo de ladrillo, un quincho recreativo, la alfombra sint\u00e9tica en p\u00e1del, el cambio del piso en f\u00fatbol cinco y la incorporaci\u00f3n de disciplinas como boxeo y hockey son logros que llevan tiempo y compromiso\u201d.<\/p>\n\n\n\n<p>Finalmente, valor\u00f3 la vuelta del f\u00fatbol a instancias provinciales y el crecimiento institucional. \u201cVer la tribuna llena en las finales, las familias alentando y nuestros gurises siendo parte de selecciones nos llena de orgullo\u201d, afirm\u00f3.<\/p>\n\n\n\n<p>Comisi\u00f3n Directiva:<\/p>\n\n\n\n<p>Presidente: Mario Alejandro Seri<\/p>\n\n\n\n<p>Vicepresidente: Candela Castro<\/p>\n\n\n\n<p>Secretaria: Castro, Anal\u00eda<\/p>\n\n\n\n<p>Prosecretario: Ben\u00edtez, Andrea<\/p>\n\n\n\n<p>Tesorero: G\u00e1lvez, Griselda<\/p>\n\n\n\n<p>Protesorero: Centuri\u00f3n, Javier<\/p>\n\n\n\n<p>Vocales Titulares: Burna, Odalis \u2013 Brega, Valeria \u2013 Leonardi, Pablo<\/p>\n\n\n\n<p>Vocales Suplentes: G\u00f3mez, David \u2013 Cecco, Fernando \u2013 Landa, Dar\u00edo<\/p>\n\n\n\n<p>Revisores de Cuentas: Brega, Facundo \u2013 Burna, Federico<\/p>\n\n\n\n<p>Suplentes: Pereyra, Marisa \u2013 Maydana, Nicol\u00e1s<\/p>\n","protected":false},"excerpt":{"rendered":"<p>Se cumpli\u00f3 la presentaci\u00f3n de 2 listas para la elecci\u00f3n de la nueva conducci\u00f3n del Club Social Federaci\u00f3n. A la ya presentada por Leandro Silvestri se suma la del actual oficialismo. EL OFICIALISMO DE SOCIAL FEDERACI\u00d3N VA POR LA REELECCI\u00d3N CON MARIO SERI AL FRENTE DEL \u201cCELESTE\u201d El oficialismo de Social Federaci\u00f3n, con la Lista [&hellip;]<\/p>\n","protected":false},"author":2,"featured_media":5671,"comment_status":"closed","ping_status":"closed","sticky":false,"template":"","format":"standard","meta":{"_et_pb_use_builder":"","_et_pb_old_content":"","footnotes":""},"categories":[1],"tags":[],"class_list":["post-5670","post","type-post","status-publish","format-standard","has-post-thumbnail","hentry","category-sin-categoria"],"_links":{"self":[{"href":"https:\/\/diarioelfederaense.com.ar\/index.php?rest_route=\/wp\/v2\/posts\/5670"}],"collection":[{"href":"https:\/\/diarioelfederaense.com.ar\/index.php?rest_route=\/wp\/v2\/posts"}],"about":[{"href":"https:\/\/diarioelfederaense.com.ar\/index.php?rest_route=\/wp\/v2\/types\/post"}],"author":[{"embeddable":true,"href":"https:\/\/diarioelfederaense.com.ar\/index.php?rest_route=\/wp\/v2\/users\/2"}],"replies":[{"embeddable":true,"href":"https:\/\/diarioelfederaense.com.ar\/index.php?rest_route=%2Fwp%2Fv2%2Fcomments&post=5670"}],"version-history":[{"count":1,"href":"https:\/\/diarioelfederaense.com.ar\/index.php?rest_route=\/wp\/v2\/posts\/5670\/revisions"}],"predecessor-version":[{"id":5672,"href":"https:\/\/diarioelfederaense.com.ar\/index.php?rest_route=\/wp\/v2\/posts\/5670\/revisions\/5672"}],"wp:featuredmedia":[{"embeddable":true,"href":"https:\/\/diarioelfederaense.com.ar\/index.php?rest_route=\/wp\/v2\/media\/5671"}],"wp:attachment":[{"href":"https:\/\/diarioelfederaense.com.ar\/index.php?rest_route=%2Fwp%2Fv2%2Fmedia&parent=5670"}],"wp:term":[{"taxonomy":"category","embeddable":true,"href":"https:\/\/diarioelfederaense.com.ar\/index.php?rest_route=%2Fwp%2Fv2%2Fcategories&post=5670"},{"taxonomy":"post_tag","embeddable":true,"href":"https:\/\/diarioelfederaense.com.ar\/index.php?rest_route=%2Fwp%2Fv2%2Ftags&post=5670"}],"curies":[{"name":"wp","href":"https:\/\/api.w.org\/{rel}","templated":true}]}}