{"id":5667,"date":"2025-10-28T08:45:04","date_gmt":"2025-10-28T11:45:04","guid":{"rendered":"https:\/\/diarioelfederaense.com.ar\/?p=5667"},"modified":"2025-10-28T08:45:06","modified_gmt":"2025-10-28T11:45:06","slug":"salto-grande-llamo-a-licitacion-para-construir-un-nuevo-centro-de-control-unificado-en-margen-derecha","status":"publish","type":"post","link":"https:\/\/diarioelfederaense.com.ar\/?p=5667","title":{"rendered":"Salto Grande llam\u00f3 a licitaci\u00f3n para construir un nuevo \u201cCentro de Control Unificado\u201d en \u201cmargen derecha\u201d"},"content":{"rendered":"\n<p><\/p>\n\n\n\n<p><a href=\"https:\/\/www.facebook.com\/sharer\/sharer.php?u=https:\/\/www.analisisdigital.com.ar\/provinciales\/2025\/10\/28\/salto-grande-llamo-licitacion-para-construir-un-nuevo-centro-de-control-unificado-en-margen-derecha&amp;title=Salto%20Grande%20llam%C3%B3%20a%20licitaci%C3%B3n%20para%20construir%20un%20nuevo%20%E2%80%9CCentro%20de%20Control%20Unificado%E2%80%9D%20en%20%E2%80%9Cmargen%20derecha%E2%80%9D\" target=\"_blank\" rel=\"noreferrer noopener\"><\/a><a href=\"https:\/\/twitter.com\/intent\/tweet?text=Salto%20Grande%20llam%C3%B3%20a%20licitaci%C3%B3n%20para%20construir%20un%20nuevo%20%E2%80%9CCentro%20de%20Control%20Unificado%E2%80%9D%20en%20%E2%80%9Cmargen%20derecha%E2%80%9D+https:\/\/www.analisisdigital.com.ar\/provinciales\/2025\/10\/28\/salto-grande-llamo-licitacion-para-construir-un-nuevo-centro-de-control-unificado-en-margen-derecha\" target=\"_blank\" rel=\"noreferrer noopener\"><\/a><a href=\"https:\/\/wa.me\/?text=https:\/\/www.analisisdigital.com.ar\/provinciales\/2025\/10\/28\/salto-grande-llamo-licitacion-para-construir-un-nuevo-centro-de-control-unificado-en-margen-derecha\" target=\"_blank\" rel=\"noreferrer noopener\"><\/a><a href=\"https:\/\/www.linkedin.com\/sharing\/share-offsite\/?url=https:\/\/www.analisisdigital.com.ar\/provinciales\/2025\/10\/28\/salto-grande-llamo-licitacion-para-construir-un-nuevo-centro-de-control-unificado-en-margen-derecha\" target=\"_blank\" rel=\"noreferrer noopener\"><\/a><a href=\"mailto:?subject=Salto%20Grande%20llam%C3%B3%20a%20licitaci%C3%B3n%20para%20construir%20un%20nuevo%20%E2%80%9CCentro%20de%20Control%20Unificado%E2%80%9D%20en%20%E2%80%9Cmargen%20derecha%E2%80%9D&amp;body=https:\/\/www.analisisdigital.com.ar\/provinciales\/2025\/10\/28\/salto-grande-llamo-licitacion-para-construir-un-nuevo-centro-de-control-unificado-en-margen-derecha\" target=\"_blank\" rel=\"noreferrer noopener\"><\/a><a href=\"https:\/\/www.analisisdigital.com.ar\/provinciales\/2025\/10\/28\/salto-grande-llamo-licitacion-para-construir-un-nuevo-centro-de-control-unificado-en-margen-derecha#\"><\/a><a href=\"javascript:window.print()\"><\/a><\/p>\n\n\n\n<p>La Comisi\u00f3n T\u00e9cnica Mixta de Salto Grande public\u00f3 en el Bolet\u00edn Oficial de la Naci\u00f3n el llamado a licitaci\u00f3n 768, mediante el cual Argentina y Uruguay convocan a interesados en ofertar para el \u201cdise\u00f1o, suministro, instalaci\u00f3n y puesta en marcha de un nuevo sistema de control de producci\u00f3n y un nuevo centro de control\u201d de la represa.<\/p>\n\n\n\n<p>La convocatoria explica que la renovaci\u00f3n se encara con financiamiento del BID, que ha suministrado un pr\u00e9stamo destinado a costear el denominado \u201cProyecto de Modernizaci\u00f3n del Complejo Hidroel\u00e9ctrico Binacional de Salto Grande\u201d.<\/p>\n\n\n\n<p>La licitaci\u00f3n 768 comprende dos \u00edtems: 1) \u201cDise\u00f1o, suministro, instalaci\u00f3n y puesta en marcha del nuevo Sistema de Automatizaci\u00f3n y Control del Complejo Hidroel\u00e9ctrico de Salto Grande\u201d; y 2) \u201cObras Civiles: Dise\u00f1o, construcci\u00f3n, instalaci\u00f3n y puesta en marcha del nuevo edificio para alojar el Centro de Control Unificado en Margen Derecha y otras adecuaciones edilicias en Complejo Hidroel\u00e9ctrico de Salto Grande\u201d.<\/p>\n\n\n\n<p>La licitaci\u00f3n se efectuar\u00e1 conforme a los procedimientos establecidos por el Banco Interamericano de Desarrollo y \u201cest\u00e1 abierta a todos los Oferentes de pa\u00edses elegibles, seg\u00fan se definen en el documento de licitaci\u00f3n\u201d.<\/p>\n\n\n\n<p>Los requisitos de calificaci\u00f3n incluyen: \u201cNivel de facturaci\u00f3n, requisitos legales, antecedentes t\u00e9cnicos, entre otros\u201d.<\/p>\n\n\n\n<p>La convocatoria aclara que \u201cno se otorgar\u00e1 un Margen de Preferencia a contratistas nacionales\u201d.<\/p>\n","protected":false},"excerpt":{"rendered":"<p>La Comisi\u00f3n T\u00e9cnica Mixta de Salto Grande public\u00f3 en el Bolet\u00edn Oficial de la Naci\u00f3n el llamado a licitaci\u00f3n 768, mediante el cual Argentina y Uruguay convocan a interesados en ofertar para el \u201cdise\u00f1o, suministro, instalaci\u00f3n y puesta en marcha de un nuevo sistema de control de producci\u00f3n y un nuevo centro de control\u201d de [&hellip;]<\/p>\n","protected":false},"author":2,"featured_media":5668,"comment_status":"closed","ping_status":"closed","sticky":false,"template":"","format":"standard","meta":{"_et_pb_use_builder":"","_et_pb_old_content":"","footnotes":""},"categories":[1],"tags":[],"class_list":["post-5667","post","type-post","status-publish","format-standard","has-post-thumbnail","hentry","category-sin-categoria"],"_links":{"self":[{"href":"https:\/\/diarioelfederaense.com.ar\/index.php?rest_route=\/wp\/v2\/posts\/5667"}],"collection":[{"href":"https:\/\/diarioelfederaense.com.ar\/index.php?rest_route=\/wp\/v2\/posts"}],"about":[{"href":"https:\/\/diarioelfederaense.com.ar\/index.php?rest_route=\/wp\/v2\/types\/post"}],"author":[{"embeddable":true,"href":"https:\/\/diarioelfederaense.com.ar\/index.php?rest_route=\/wp\/v2\/users\/2"}],"replies":[{"embeddable":true,"href":"https:\/\/diarioelfederaense.com.ar\/index.php?rest_route=%2Fwp%2Fv2%2Fcomments&post=5667"}],"version-history":[{"count":1,"href":"https:\/\/diarioelfederaense.com.ar\/index.php?rest_route=\/wp\/v2\/posts\/5667\/revisions"}],"predecessor-version":[{"id":5669,"href":"https:\/\/diarioelfederaense.com.ar\/index.php?rest_route=\/wp\/v2\/posts\/5667\/revisions\/5669"}],"wp:featuredmedia":[{"embeddable":true,"href":"https:\/\/diarioelfederaense.com.ar\/index.php?rest_route=\/wp\/v2\/media\/5668"}],"wp:attachment":[{"href":"https:\/\/diarioelfederaense.com.ar\/index.php?rest_route=%2Fwp%2Fv2%2Fmedia&parent=5667"}],"wp:term":[{"taxonomy":"category","embeddable":true,"href":"https:\/\/diarioelfederaense.com.ar\/index.php?rest_route=%2Fwp%2Fv2%2Fcategories&post=5667"},{"taxonomy":"post_tag","embeddable":true,"href":"https:\/\/diarioelfederaense.com.ar\/index.php?rest_route=%2Fwp%2Fv2%2Ftags&post=5667"}],"curies":[{"name":"wp","href":"https:\/\/api.w.org\/{rel}","templated":true}]}}