{"id":5661,"date":"2025-10-28T08:19:32","date_gmt":"2025-10-28T11:19:32","guid":{"rendered":"https:\/\/diarioelfederaense.com.ar\/?p=5661"},"modified":"2025-10-28T08:19:33","modified_gmt":"2025-10-28T11:19:33","slug":"trump-se-adjudico-el-resultado-de-las-elecciones-en-argentina","status":"publish","type":"post","link":"https:\/\/diarioelfederaense.com.ar\/?p=5661","title":{"rendered":"Trump se adjudic\u00f3 el resultado de las elecciones en Argentina"},"content":{"rendered":"\n<h2 class=\"wp-block-heading\"><a href=\"https:\/\/www.pagina12.com.ar\/869429-gano-la-derecha-en-el-sur-y-festejo-el-norte\">AND THE WINNER IS&#8230;<\/a><\/h2>\n\n\n\n<p><a href=\"https:\/\/www.pagina12.com.ar\/869429-gano-la-derecha-en-el-sur-y-festejo-el-norte\">El presidente norteamericano consider\u00f3 que el triunfo de La Libertad Avanza fue producto del \u201cmuy fuerte respaldo\u201d que le brind\u00f3 a Milei. Tambi\u00e9n le dio \u201cmucho cr\u00e9dito\u201d al rol jugado por Scott Bessent y destac\u00f3 que Estados Unidos \u201cest\u00e1 logrando un gran manejo de los pa\u00edses de Am\u00e9rica del Sur\u201d.<\/a><\/p>\n","protected":false},"excerpt":{"rendered":"<p>AND THE WINNER IS&#8230; El presidente norteamericano consider\u00f3 que el triunfo de La Libertad Avanza fue producto del \u201cmuy fuerte respaldo\u201d que le brind\u00f3 a Milei. Tambi\u00e9n le dio \u201cmucho cr\u00e9dito\u201d al rol jugado por Scott Bessent y destac\u00f3 que Estados Unidos \u201cest\u00e1 logrando un gran manejo de los pa\u00edses de Am\u00e9rica del Sur\u201d.<\/p>\n","protected":false},"author":2,"featured_media":5662,"comment_status":"closed","ping_status":"closed","sticky":false,"template":"","format":"standard","meta":{"_et_pb_use_builder":"","_et_pb_old_content":"","footnotes":""},"categories":[1],"tags":[],"class_list":["post-5661","post","type-post","status-publish","format-standard","has-post-thumbnail","hentry","category-sin-categoria"],"_links":{"self":[{"href":"https:\/\/diarioelfederaense.com.ar\/index.php?rest_route=\/wp\/v2\/posts\/5661"}],"collection":[{"href":"https:\/\/diarioelfederaense.com.ar\/index.php?rest_route=\/wp\/v2\/posts"}],"about":[{"href":"https:\/\/diarioelfederaense.com.ar\/index.php?rest_route=\/wp\/v2\/types\/post"}],"author":[{"embeddable":true,"href":"https:\/\/diarioelfederaense.com.ar\/index.php?rest_route=\/wp\/v2\/users\/2"}],"replies":[{"embeddable":true,"href":"https:\/\/diarioelfederaense.com.ar\/index.php?rest_route=%2Fwp%2Fv2%2Fcomments&post=5661"}],"version-history":[{"count":1,"href":"https:\/\/diarioelfederaense.com.ar\/index.php?rest_route=\/wp\/v2\/posts\/5661\/revisions"}],"predecessor-version":[{"id":5663,"href":"https:\/\/diarioelfederaense.com.ar\/index.php?rest_route=\/wp\/v2\/posts\/5661\/revisions\/5663"}],"wp:featuredmedia":[{"embeddable":true,"href":"https:\/\/diarioelfederaense.com.ar\/index.php?rest_route=\/wp\/v2\/media\/5662"}],"wp:attachment":[{"href":"https:\/\/diarioelfederaense.com.ar\/index.php?rest_route=%2Fwp%2Fv2%2Fmedia&parent=5661"}],"wp:term":[{"taxonomy":"category","embeddable":true,"href":"https:\/\/diarioelfederaense.com.ar\/index.php?rest_route=%2Fwp%2Fv2%2Fcategories&post=5661"},{"taxonomy":"post_tag","embeddable":true,"href":"https:\/\/diarioelfederaense.com.ar\/index.php?rest_route=%2Fwp%2Fv2%2Ftags&post=5661"}],"curies":[{"name":"wp","href":"https:\/\/api.w.org\/{rel}","templated":true}]}}