{"id":5655,"date":"2025-10-27T22:39:42","date_gmt":"2025-10-28T01:39:42","guid":{"rendered":"https:\/\/diarioelfederaense.com.ar\/?p=5655"},"modified":"2025-10-27T22:39:42","modified_gmt":"2025-10-28T01:39:42","slug":"triste-desenlace-murio-la-nina-de-dos-anos-que-habia-caido-a-una-pileta-en-parana","status":"publish","type":"post","link":"https:\/\/diarioelfederaense.com.ar\/?p=5655","title":{"rendered":"Triste desenlace: muri\u00f3 la ni\u00f1a de dos a\u00f1os que hab\u00eda ca\u00eddo a una pileta en Paran\u00e1"},"content":{"rendered":"\n<p><a><\/a>La peque\u00f1a luch\u00f3 por su vida en el hospital San Roque, pero su condici\u00f3n fue irreversible. Fuentes policiales confirmaron el tr\u00e1gico desenlace a Elonce.<\/p>\n\n\n\n<p>Una ni\u00f1a de dos a\u00f1os falleci\u00f3 esta tarde luego de permanecer internada en estado cr\u00edtico en el Hospital Materno Infantil San Roque de Paran\u00e1, tras caer a una pileta de nataci\u00f3n en una vivienda de Bajada Grande. La peque\u00f1a, que hab\u00eda sido rescatada de la pileta el domingo por la tarde, hab\u00eda luchado por su vida durante horas en terapia intensiva, pero su condici\u00f3n se complic\u00f3 gravemente debido al da\u00f1o cerebral y la falta de ox\u00edgeno que sufri\u00f3 durante los minutos que permaneci\u00f3 sumergida. Fuentes policiales confirmaron el tr\u00e1gico desenlace a Elonce.<\/p>\n\n\n\n<p>El accidente ocurri\u00f3 alrededor de las 19 horas del domingo, cuando la ni\u00f1a, que jugaba con otros ni\u00f1os en la propiedad de fin de semana, cay\u00f3 en una pileta de fibra de vidrio ubicada en la vivienda. Nadie se encontraba supervisando a los ni\u00f1os en ese momento, y fue otro ni\u00f1o quien alert\u00f3 a los adultos tras notar la ca\u00edda. La peque\u00f1a permaneci\u00f3 varios minutos bajo el agua antes de ser rescatada y trasladada al hospital. A pesar de los esfuerzos por estabilizarla, la ni\u00f1a nunca logr\u00f3 superar el da\u00f1o cerebral sufrido y su estado de salud continu\u00f3 empeorando.<\/p>\n","protected":false},"excerpt":{"rendered":"<p>La peque\u00f1a luch\u00f3 por su vida en el hospital San Roque, pero su condici\u00f3n fue irreversible. Fuentes policiales confirmaron el tr\u00e1gico desenlace a Elonce. Una ni\u00f1a de dos a\u00f1os falleci\u00f3 esta tarde luego de permanecer internada en estado cr\u00edtico en el Hospital Materno Infantil San Roque de Paran\u00e1, tras caer a una pileta de nataci\u00f3n [&hellip;]<\/p>\n","protected":false},"author":2,"featured_media":5656,"comment_status":"closed","ping_status":"closed","sticky":false,"template":"","format":"standard","meta":{"_et_pb_use_builder":"","_et_pb_old_content":"","footnotes":""},"categories":[1],"tags":[],"class_list":["post-5655","post","type-post","status-publish","format-standard","has-post-thumbnail","hentry","category-sin-categoria"],"_links":{"self":[{"href":"https:\/\/diarioelfederaense.com.ar\/index.php?rest_route=\/wp\/v2\/posts\/5655"}],"collection":[{"href":"https:\/\/diarioelfederaense.com.ar\/index.php?rest_route=\/wp\/v2\/posts"}],"about":[{"href":"https:\/\/diarioelfederaense.com.ar\/index.php?rest_route=\/wp\/v2\/types\/post"}],"author":[{"embeddable":true,"href":"https:\/\/diarioelfederaense.com.ar\/index.php?rest_route=\/wp\/v2\/users\/2"}],"replies":[{"embeddable":true,"href":"https:\/\/diarioelfederaense.com.ar\/index.php?rest_route=%2Fwp%2Fv2%2Fcomments&post=5655"}],"version-history":[{"count":1,"href":"https:\/\/diarioelfederaense.com.ar\/index.php?rest_route=\/wp\/v2\/posts\/5655\/revisions"}],"predecessor-version":[{"id":5657,"href":"https:\/\/diarioelfederaense.com.ar\/index.php?rest_route=\/wp\/v2\/posts\/5655\/revisions\/5657"}],"wp:featuredmedia":[{"embeddable":true,"href":"https:\/\/diarioelfederaense.com.ar\/index.php?rest_route=\/wp\/v2\/media\/5656"}],"wp:attachment":[{"href":"https:\/\/diarioelfederaense.com.ar\/index.php?rest_route=%2Fwp%2Fv2%2Fmedia&parent=5655"}],"wp:term":[{"taxonomy":"category","embeddable":true,"href":"https:\/\/diarioelfederaense.com.ar\/index.php?rest_route=%2Fwp%2Fv2%2Fcategories&post=5655"},{"taxonomy":"post_tag","embeddable":true,"href":"https:\/\/diarioelfederaense.com.ar\/index.php?rest_route=%2Fwp%2Fv2%2Ftags&post=5655"}],"curies":[{"name":"wp","href":"https:\/\/api.w.org\/{rel}","templated":true}]}}