{"id":4990,"date":"2025-09-15T07:57:46","date_gmt":"2025-09-15T10:57:46","guid":{"rendered":"https:\/\/diarioelfederaense.com.ar\/?p=4990"},"modified":"2025-09-15T07:57:47","modified_gmt":"2025-09-15T10:57:47","slug":"carla-liberatori-fue-confirmada-como-la-nueva-reina-de-yasi-pora-para-los-carnavales-2026","status":"publish","type":"post","link":"https:\/\/diarioelfederaense.com.ar\/?p=4990","title":{"rendered":"CARLA LIBERATORI FUE CONFIRMADA COMO LA NUEVA REINA DE YASI POR\u00c1 PARA LOS CARNAVALES 2026"},"content":{"rendered":"\n<p><a><\/a>En la noche de este s\u00e1bado, en un evento realizado en la sede del Club Social Federaci\u00f3n, la comparsa Yasi Por\u00e1 present\u00f3 oficialmente a su reina para la pr\u00f3xima edici\u00f3n de los Carnavales federaenses. La elegida fue Carla Liberatori, quien de esta manera llevar\u00e1 la corona en la edici\u00f3n 2026, representando a una de las agrupaciones m\u00e1s emblem\u00e1ticas de la ciudad.<\/p>\n\n\n\n<p>La confirmaci\u00f3n se dio en un encuentro cargado de emoci\u00f3n, organizado por la propia comparsa, que reuni\u00f3 a integrantes, simpatizantes y referentes del carnaval local. Adem\u00e1s, se anunci\u00f3 que Maru Vago y Fernando Bravo ser\u00e1n los portabanderas oficiales de Yasi Por\u00e1, consolidando as\u00ed un equipo de figuras que buscar\u00e1 dejar su huella en el pr\u00f3ximo desfile.<\/p>\n\n\n\n<p>La designaci\u00f3n de Liberatori y de los portabanderas forma parte de la estrategia de la comparsa multicampeona, que avanza con firmeza en la conformaci\u00f3n de su elenco para la temporada venidera.<\/p>\n\n\n\n<p>Los Carnavales de Federaci\u00f3n son reconocidos como una de las principales muestras culturales y art\u00edsticas de la regi\u00f3n, constituyendo un atractivo tur\u00edstico de primer nivel durante la temporada de verano. Con su despliegue de brillo, m\u00fasica y color, se han convertido en una cita obligada para residentes y visitantes, que a\u00f1o tras a\u00f1o disfrutan de uno de los espect\u00e1culos m\u00e1s convocantes del litoral entrerriano.<\/p>\n\n\n\n<p>Con la elecci\u00f3n de su reina y la presentaci\u00f3n de sus portabanderas, Yasi Por\u00e1 comienza a escribir un nuevo cap\u00edtulo en la rica historia del carnaval federaense, que promete otra edici\u00f3n inolvidable en 2026. (Informe Ciudadano)<\/p>\n","protected":false},"excerpt":{"rendered":"<p>En la noche de este s\u00e1bado, en un evento realizado en la sede del Club Social Federaci\u00f3n, la comparsa Yasi Por\u00e1 present\u00f3 oficialmente a su reina para la pr\u00f3xima edici\u00f3n de los Carnavales federaenses. La elegida fue Carla Liberatori, quien de esta manera llevar\u00e1 la corona en la edici\u00f3n 2026, representando a una de las [&hellip;]<\/p>\n","protected":false},"author":2,"featured_media":4991,"comment_status":"closed","ping_status":"closed","sticky":false,"template":"","format":"standard","meta":{"_et_pb_use_builder":"","_et_pb_old_content":"","footnotes":""},"categories":[1],"tags":[],"class_list":["post-4990","post","type-post","status-publish","format-standard","has-post-thumbnail","hentry","category-sin-categoria"],"_links":{"self":[{"href":"https:\/\/diarioelfederaense.com.ar\/index.php?rest_route=\/wp\/v2\/posts\/4990"}],"collection":[{"href":"https:\/\/diarioelfederaense.com.ar\/index.php?rest_route=\/wp\/v2\/posts"}],"about":[{"href":"https:\/\/diarioelfederaense.com.ar\/index.php?rest_route=\/wp\/v2\/types\/post"}],"author":[{"embeddable":true,"href":"https:\/\/diarioelfederaense.com.ar\/index.php?rest_route=\/wp\/v2\/users\/2"}],"replies":[{"embeddable":true,"href":"https:\/\/diarioelfederaense.com.ar\/index.php?rest_route=%2Fwp%2Fv2%2Fcomments&post=4990"}],"version-history":[{"count":1,"href":"https:\/\/diarioelfederaense.com.ar\/index.php?rest_route=\/wp\/v2\/posts\/4990\/revisions"}],"predecessor-version":[{"id":4992,"href":"https:\/\/diarioelfederaense.com.ar\/index.php?rest_route=\/wp\/v2\/posts\/4990\/revisions\/4992"}],"wp:featuredmedia":[{"embeddable":true,"href":"https:\/\/diarioelfederaense.com.ar\/index.php?rest_route=\/wp\/v2\/media\/4991"}],"wp:attachment":[{"href":"https:\/\/diarioelfederaense.com.ar\/index.php?rest_route=%2Fwp%2Fv2%2Fmedia&parent=4990"}],"wp:term":[{"taxonomy":"category","embeddable":true,"href":"https:\/\/diarioelfederaense.com.ar\/index.php?rest_route=%2Fwp%2Fv2%2Fcategories&post=4990"},{"taxonomy":"post_tag","embeddable":true,"href":"https:\/\/diarioelfederaense.com.ar\/index.php?rest_route=%2Fwp%2Fv2%2Ftags&post=4990"}],"curies":[{"name":"wp","href":"https:\/\/api.w.org\/{rel}","templated":true}]}}