{"id":4425,"date":"2025-08-13T10:01:50","date_gmt":"2025-08-13T13:01:50","guid":{"rendered":"https:\/\/diarioelfederaense.com.ar\/?p=4425"},"modified":"2025-08-13T10:01:51","modified_gmt":"2025-08-13T13:01:51","slug":"retencion-de-motovehiculo-agresion-y-amenazas","status":"publish","type":"post","link":"https:\/\/diarioelfederaense.com.ar\/?p=4425","title":{"rendered":"RETENCION DE MOTOVEHICULO, AGRESION Y AMENAZAS"},"content":{"rendered":"\n<p><a><\/a>JEF. DPTAL. FCION: Este d\u00eda Martes 12 del corriente mes y a\u00f1o, siendo las 20:30 hs, personal policial se hace presente en el interior del centro c\u00edvico a solicitud de inspectores de transito ya que un conocido abogado de esta ciudad intentaba llevarse una motocicleta a la fuerza, la cual momentos antes en un control le fue retenida preventivamente por falta de documentaci\u00f3n y casco protector a su pareja. No pudiendo lograr su cometido, se retira exaltado en su autom\u00f3vil por Av. San Martin y luego tiene un altercado con transe\u00fante que circulaba por dicha avenida, descendiendo ambos conductores comienzas a agredirse verbal y f\u00edsicamente, luego de la intervenci\u00f3n policial las partes realizan las denuncias pertinentes con conocimiento a la Unidad Fiscal, siendo examinados por el m\u00e9dico policial.<\/p>\n","protected":false},"excerpt":{"rendered":"<p>JEF. DPTAL. FCION: Este d\u00eda Martes 12 del corriente mes y a\u00f1o, siendo las 20:30 hs, personal policial se hace presente en el interior del centro c\u00edvico a solicitud de inspectores de transito ya que un conocido abogado de esta ciudad intentaba llevarse una motocicleta a la fuerza, la cual momentos antes en un control [&hellip;]<\/p>\n","protected":false},"author":2,"featured_media":4426,"comment_status":"closed","ping_status":"closed","sticky":false,"template":"","format":"standard","meta":{"_et_pb_use_builder":"","_et_pb_old_content":"","footnotes":""},"categories":[1],"tags":[],"class_list":["post-4425","post","type-post","status-publish","format-standard","has-post-thumbnail","hentry","category-sin-categoria"],"_links":{"self":[{"href":"https:\/\/diarioelfederaense.com.ar\/index.php?rest_route=\/wp\/v2\/posts\/4425"}],"collection":[{"href":"https:\/\/diarioelfederaense.com.ar\/index.php?rest_route=\/wp\/v2\/posts"}],"about":[{"href":"https:\/\/diarioelfederaense.com.ar\/index.php?rest_route=\/wp\/v2\/types\/post"}],"author":[{"embeddable":true,"href":"https:\/\/diarioelfederaense.com.ar\/index.php?rest_route=\/wp\/v2\/users\/2"}],"replies":[{"embeddable":true,"href":"https:\/\/diarioelfederaense.com.ar\/index.php?rest_route=%2Fwp%2Fv2%2Fcomments&post=4425"}],"version-history":[{"count":1,"href":"https:\/\/diarioelfederaense.com.ar\/index.php?rest_route=\/wp\/v2\/posts\/4425\/revisions"}],"predecessor-version":[{"id":4427,"href":"https:\/\/diarioelfederaense.com.ar\/index.php?rest_route=\/wp\/v2\/posts\/4425\/revisions\/4427"}],"wp:featuredmedia":[{"embeddable":true,"href":"https:\/\/diarioelfederaense.com.ar\/index.php?rest_route=\/wp\/v2\/media\/4426"}],"wp:attachment":[{"href":"https:\/\/diarioelfederaense.com.ar\/index.php?rest_route=%2Fwp%2Fv2%2Fmedia&parent=4425"}],"wp:term":[{"taxonomy":"category","embeddable":true,"href":"https:\/\/diarioelfederaense.com.ar\/index.php?rest_route=%2Fwp%2Fv2%2Fcategories&post=4425"},{"taxonomy":"post_tag","embeddable":true,"href":"https:\/\/diarioelfederaense.com.ar\/index.php?rest_route=%2Fwp%2Fv2%2Ftags&post=4425"}],"curies":[{"name":"wp","href":"https:\/\/api.w.org\/{rel}","templated":true}]}}