{"id":4419,"date":"2025-08-13T08:36:53","date_gmt":"2025-08-13T11:36:53","guid":{"rendered":"https:\/\/diarioelfederaense.com.ar\/?p=4419"},"modified":"2025-08-13T08:36:54","modified_gmt":"2025-08-13T11:36:54","slug":"el-federaense-cumple-hoy-31-anos-de-historia-viva","status":"publish","type":"post","link":"https:\/\/diarioelfederaense.com.ar\/?p=4419","title":{"rendered":"EL FEDERAENSE CUMPLE HOY 31 A\u00d1OS DE HISTORIA VIVA!!!"},"content":{"rendered":"\n<p><a><\/a>El 13 de agosto de 1994 sali\u00f3 a la calle el primer n\u00famero de El Federaense, con la direcci\u00f3n de quien contin\u00faa al frente del medio, Dar\u00edo An\u00edbal Fern\u00e1ndez Piaggio. Desde entonces, este peri\u00f3dico se convirti\u00f3 en el medio pionero de la ciudad, una responsabilidad que, a lo largo de m\u00e1s de tres d\u00e9cadas, ha sido asumida con compromiso y constancia.<\/p>\n\n\n\n<p>Ingresando en el a\u00f1o 32 de vida, han pasado muchas cosas. Hemos narrado miles de buenas noticias, y otras no tanto, pero siempre hemos estado ah\u00ed, relatando lo que nos sucede, sin hacer distinciones: las buenas y las malas tuvieron siempre el mismo espacio y el mismo inter\u00e9s.<\/p>\n\n\n\n<p>Aquel n\u00famero 1, impreso en offset, cont\u00f3 con ocho p\u00e1ginas y una tirada de 400 ejemplares. Lleg\u00f3 a los hogares en tiempos en que Federaci\u00f3n debat\u00eda si perforar o no, para descubrir si bajo su suelo hab\u00eda agua termal. Desde entonces, el peri\u00f3dico \u2014o \u201cla revistita\u201d, como cari\u00f1osamente lo bautizaron muchos lectores\u2014 se volvi\u00f3 parte de la vida de la comunidad.<\/p>\n\n\n\n<p>El crecimiento de la ciudad trajo consigo la evoluci\u00f3n del medio: las 8 p\u00e1ginas iniciales se convirtieron en 12, y con la inauguraci\u00f3n del parque termal se sumaron cambios que marcaron una bisagra. La tapa incorpor\u00f3 un color m\u00e1s y se comenz\u00f3 a publicar dos veces por semana, los mi\u00e9rcoles y s\u00e1bados.<\/p>\n\n\n\n<p>La crisis econ\u00f3mica de 2001 oblig\u00f3 a buscar alternativas. Fue entonces cuando la direcci\u00f3n apost\u00f3 a sumar contenido, aumentando la cantidad de p\u00e1ginas incluso en el peor momento del pa\u00eds. El cambio de impresi\u00f3n, desde el taller de Jorge Malleret a las rotativas de El D\u00eda de Gualeguaych\u00fa, permiti\u00f3 pasar a 16 p\u00e1ginas los mi\u00e9rcoles y 20 o 24 los s\u00e1bados. All\u00ed se imprimi\u00f3 hasta mayo de 2010, pasando a la planta de diario UNO de Paran\u00e1 y diez a\u00f1os despu\u00e9s, el medio volvi\u00f3 a los talleres de Gualeguaych\u00fa.<\/p>\n\n\n\n<p>El deseo de ampliar la cobertura llev\u00f3 a que El Federaense pasara a llamarse Departamental El Federaense, incorporando noticias de Chajar\u00ed, San Jaime y Los Conquistadores, reflejando la vida de toda la regi\u00f3n.<\/p>\n\n\n\n<p>Hoy, en este nuevo aniversario, celebramos 31 a\u00f1os junto a quienes nos han acompa\u00f1ado desde el primer d\u00eda. Nuestro compromiso sigue siendo el mismo: informar con responsabilidad, estar cerca de la gente y ser testigos activos de la historia de Federaci\u00f3n y su zona.<\/p>\n","protected":false},"excerpt":{"rendered":"<p>El 13 de agosto de 1994 sali\u00f3 a la calle el primer n\u00famero de El Federaense, con la direcci\u00f3n de quien contin\u00faa al frente del medio, Dar\u00edo An\u00edbal Fern\u00e1ndez Piaggio. Desde entonces, este peri\u00f3dico se convirti\u00f3 en el medio pionero de la ciudad, una responsabilidad que, a lo largo de m\u00e1s de tres d\u00e9cadas, ha [&hellip;]<\/p>\n","protected":false},"author":2,"featured_media":4420,"comment_status":"closed","ping_status":"closed","sticky":false,"template":"","format":"standard","meta":{"_et_pb_use_builder":"","_et_pb_old_content":"","footnotes":""},"categories":[1],"tags":[],"class_list":["post-4419","post","type-post","status-publish","format-standard","has-post-thumbnail","hentry","category-sin-categoria"],"_links":{"self":[{"href":"https:\/\/diarioelfederaense.com.ar\/index.php?rest_route=\/wp\/v2\/posts\/4419"}],"collection":[{"href":"https:\/\/diarioelfederaense.com.ar\/index.php?rest_route=\/wp\/v2\/posts"}],"about":[{"href":"https:\/\/diarioelfederaense.com.ar\/index.php?rest_route=\/wp\/v2\/types\/post"}],"author":[{"embeddable":true,"href":"https:\/\/diarioelfederaense.com.ar\/index.php?rest_route=\/wp\/v2\/users\/2"}],"replies":[{"embeddable":true,"href":"https:\/\/diarioelfederaense.com.ar\/index.php?rest_route=%2Fwp%2Fv2%2Fcomments&post=4419"}],"version-history":[{"count":1,"href":"https:\/\/diarioelfederaense.com.ar\/index.php?rest_route=\/wp\/v2\/posts\/4419\/revisions"}],"predecessor-version":[{"id":4421,"href":"https:\/\/diarioelfederaense.com.ar\/index.php?rest_route=\/wp\/v2\/posts\/4419\/revisions\/4421"}],"wp:featuredmedia":[{"embeddable":true,"href":"https:\/\/diarioelfederaense.com.ar\/index.php?rest_route=\/wp\/v2\/media\/4420"}],"wp:attachment":[{"href":"https:\/\/diarioelfederaense.com.ar\/index.php?rest_route=%2Fwp%2Fv2%2Fmedia&parent=4419"}],"wp:term":[{"taxonomy":"category","embeddable":true,"href":"https:\/\/diarioelfederaense.com.ar\/index.php?rest_route=%2Fwp%2Fv2%2Fcategories&post=4419"},{"taxonomy":"post_tag","embeddable":true,"href":"https:\/\/diarioelfederaense.com.ar\/index.php?rest_route=%2Fwp%2Fv2%2Ftags&post=4419"}],"curies":[{"name":"wp","href":"https:\/\/api.w.org\/{rel}","templated":true}]}}