{"id":4127,"date":"2025-07-30T08:46:12","date_gmt":"2025-07-30T11:46:12","guid":{"rendered":"https:\/\/diarioelfederaense.com.ar\/?p=4127"},"modified":"2025-07-30T08:46:13","modified_gmt":"2025-07-30T11:46:13","slug":"el-conflicto-universitario-sigue-escalando-y-anuncian-un-nuevo-paro","status":"publish","type":"post","link":"https:\/\/diarioelfederaense.com.ar\/?p=4127","title":{"rendered":"El conflicto universitario sigue escalando y anuncian un nuevo paro"},"content":{"rendered":"\n<p><a><\/a>El conflicto universitario entre los gremios de los profesores y el gobierno contin\u00faa escalando, amenazando el inicio del segundo cuatrimestre en varias instituciones.<\/p>\n\n\n\n<p>La Federaci\u00f3n Nacional de Docentes Universitarios (CONADU) anticip\u00f3 un paro por una semana en el comienzo de la segunda parte del a\u00f1o lectivo.<\/p>\n\n\n\n<p>Desde la conducci\u00f3n de la CONADU se inform\u00f3 que la decisi\u00f3n de iniciar una huelga prolongada busca visibilizar el descontento de los cuerpos docentes con la situaci\u00f3n salarial y presupuestaria que atraviesan diferentes casas de altos estudios de todo el pa\u00eds. El nuevo ciclo acad\u00e9mico, que deb\u00eda funcionar con normalidad a partir del 11 de agosto, podr\u00eda quedar comprometido ante la falta de acuerdo con el Ejecutivo nacional, seg\u00fan comunicaron desde la federaci\u00f3n.<\/p>\n\n\n\n<p>Malestar<\/p>\n\n\n\n<p>El malestar entre docentes y trabajadores universitarios no es reciente. Desde que asumi\u00f3 el gobierno de Javier Milei, estudiantes, profesores y autoridades protagonizaron masivas manifestaciones en defensa de la universidad p\u00fablica y la educaci\u00f3n gratuita.<\/p>\n\n\n\n<p>La denuncia de recortes presupuestarios, demoras en las transferencias de fondos y la p\u00e9rdida creciente del poder adquisitivo apuntalan la tensi\u00f3n con la gesti\u00f3n nacional y exponen la profundidad de la crisis en el sistema universitario argentino.<\/p>\n\n\n\n<p>La medida, consensuada en el Plenario de Secretarias y Secretarios Generales de la CONADU con la participaci\u00f3n de 25 gremios de todo el pa\u00eds, prev\u00e9 la realizaci\u00f3n de un paro desde el pr\u00f3ximo 11 de agosto. El llamado, que ser\u00e1 propuesto ante el espacio del Frente Sindical de las Universidades Nacionales, aspira a robustecer la acci\u00f3n mediante una coordinaci\u00f3n ampliada.<\/p>\n\n\n\n<p>Carlos De Feo, secretario general de la CONADU, afirm\u00f3 que \u00abla situaci\u00f3n salarial que estamos viviendo en las universidades es hist\u00f3rica.,no hemos vivido nunca en nuestro pa\u00eds una ca\u00edda salarial de estos niveles pero nuestros reclamos no pueden ser sectoriales; las y los universitarios debemos aportar y confluir con las demandas de los distintos sectores que hoy sufren las consecuencias del programa de gobierno en todo el pa\u00eds\u00bb.<\/p>\n\n\n\n<p>Protesta<\/p>\n\n\n\n<p>Entre las entidades gremiales que votaron a favor de la medida son la ADAI, SIDIUNLAR, ADIUNQ, SIDIU, ADUNSADA, COAD, ADOI, ADIUC, ADUNOBA, SIDIUNT, ADUNTREF, ADUFOR, ADUNA, AGDU, FEDUBA, CODIUNNE, ADUNSE, SUDHUR, AFUDI, ADULP, SIDUNCU, ADIUNGS, ADUNM, ADUM y ADUC.<\/p>\n\n\n\n<p>En el plenario, los participantes definieron continuar la lucha gremial con estrategias escalonadas y manifestaron la necesidad de construir una amplia articulaci\u00f3n nacional.<\/p>\n\n\n\n<p>La tensi\u00f3n entre gremios universitarios y el Ejecutivo se agrav\u00f3 tras el reciente anuncio de incrementos salariales para el personal docente del sector. La Federaci\u00f3n de Docentes de las Universidades (FEDUN) rechaz\u00f3 los aumentos dispuestos de forma unilateral, que rondan apenas el 1,3% mensual y se abonar\u00e1n en su mayor\u00eda con retraso. Seg\u00fan el comunicado de la FEDUN, estos incrementos representan: 1,3% para junio, 1,3% para julio, 1,3% para agosto, 1,2% para septiembre, 1,1% para octubre y 1,1% para noviembre.<\/p>\n\n\n\n<p>Desde el sector se advirti\u00f3 que los pagos de los primeros tres meses llegar\u00e1n reci\u00e9n junto al salario de agosto, generando una merma mayor en el poder adquisitivo de los trabajadores.<\/p>\n\n\n\n<p>Voceros sindicales calificaron como \u201cinsuficientes\u201d los aumentos, tras precisar que el deterioro salarial ya alcanza niveles in\u00e9ditos. Desde la FEDUN se\u00f1alaron que \u201ccada mes que pasa, los aumentos salariales siguen quedando por debajo de la suba de precios\u201d y remarcaron que \u201cestos aumentos son muy inferiores a la inflaci\u00f3n, por lo que la brutal p\u00e9rdida salarial que hemos tenido en 2024 contin\u00faa profundiz\u00e1ndose en 2025\u201d.<\/p>\n\n\n\n<p>Financiamiento<\/p>\n\n\n\n<p>En paralelo a esta situaci\u00f3n, la federaci\u00f3n exigi\u00f3 al Congreso un pronto avance de la Ley de Financiamiento Universitario, considerando que permitir\u00eda \u201crecuperar todo lo perdido durante el gobierno de Javier Milei\u201d. El conflicto en el sistema universitario trasciende la cuesti\u00f3n salarial: las partidas asignadas para gastos corrientes, becas y programas de investigaci\u00f3n tambi\u00e9n sufrieron recortes y se reportan demoras en su acreditaci\u00f3n.<\/p>\n\n\n\n<p>A mediados de 2024, las marchas a nivel nacional y los paros parciales ganaron visibilidad frente a la falta de soluciones estructurales y la ausencia de di\u00e1logo fluido entre autoridades universitarias, gremios y funcionarios nacionales. El deterioro alcanz\u00f3 tambi\u00e9n a las plantillas no docentes, impactando sobre la calidad del funcionamiento cotidiano en facultades y dependencias.<\/p>\n\n\n\n<p>Organizaciones estudiantiles acompa\u00f1aron las protestas y reclamaron respuestas urgentes para garantizar la continuidad de las actividades acad\u00e9micas y la inclusi\u00f3n social en la universidad p\u00fablica. En este escenario, la amenaza del paro de una semana y la perspectiva de una nueva Marcha Federal Universitaria para fines de agosto refuerzan el reclamo al Gobierno para reabrir negociaciones paritarias y asegurar fondos adecuados para las instituciones.<\/p>\n\n\n\n<p>Los sindicatos universitarios definen los pasos a seguir en los pr\u00f3ximos d\u00edas, mientras que el Ejecutivo nacional no emiti\u00f3 se\u00f1ales de modificar la propuesta salarial ni de convocar a una mesa paritaria integral.<\/p>\n","protected":false},"excerpt":{"rendered":"<p>El conflicto universitario entre los gremios de los profesores y el gobierno contin\u00faa escalando, amenazando el inicio del segundo cuatrimestre en varias instituciones. La Federaci\u00f3n Nacional de Docentes Universitarios (CONADU) anticip\u00f3 un paro por una semana en el comienzo de la segunda parte del a\u00f1o lectivo. Desde la conducci\u00f3n de la CONADU se inform\u00f3 que [&hellip;]<\/p>\n","protected":false},"author":2,"featured_media":4128,"comment_status":"closed","ping_status":"closed","sticky":false,"template":"","format":"standard","meta":{"_et_pb_use_builder":"","_et_pb_old_content":"","footnotes":""},"categories":[1],"tags":[],"class_list":["post-4127","post","type-post","status-publish","format-standard","has-post-thumbnail","hentry","category-sin-categoria"],"_links":{"self":[{"href":"https:\/\/diarioelfederaense.com.ar\/index.php?rest_route=\/wp\/v2\/posts\/4127"}],"collection":[{"href":"https:\/\/diarioelfederaense.com.ar\/index.php?rest_route=\/wp\/v2\/posts"}],"about":[{"href":"https:\/\/diarioelfederaense.com.ar\/index.php?rest_route=\/wp\/v2\/types\/post"}],"author":[{"embeddable":true,"href":"https:\/\/diarioelfederaense.com.ar\/index.php?rest_route=\/wp\/v2\/users\/2"}],"replies":[{"embeddable":true,"href":"https:\/\/diarioelfederaense.com.ar\/index.php?rest_route=%2Fwp%2Fv2%2Fcomments&post=4127"}],"version-history":[{"count":1,"href":"https:\/\/diarioelfederaense.com.ar\/index.php?rest_route=\/wp\/v2\/posts\/4127\/revisions"}],"predecessor-version":[{"id":4129,"href":"https:\/\/diarioelfederaense.com.ar\/index.php?rest_route=\/wp\/v2\/posts\/4127\/revisions\/4129"}],"wp:featuredmedia":[{"embeddable":true,"href":"https:\/\/diarioelfederaense.com.ar\/index.php?rest_route=\/wp\/v2\/media\/4128"}],"wp:attachment":[{"href":"https:\/\/diarioelfederaense.com.ar\/index.php?rest_route=%2Fwp%2Fv2%2Fmedia&parent=4127"}],"wp:term":[{"taxonomy":"category","embeddable":true,"href":"https:\/\/diarioelfederaense.com.ar\/index.php?rest_route=%2Fwp%2Fv2%2Fcategories&post=4127"},{"taxonomy":"post_tag","embeddable":true,"href":"https:\/\/diarioelfederaense.com.ar\/index.php?rest_route=%2Fwp%2Fv2%2Ftags&post=4127"}],"curies":[{"name":"wp","href":"https:\/\/api.w.org\/{rel}","templated":true}]}}