{"id":3023,"date":"2025-05-09T09:56:42","date_gmt":"2025-05-09T12:56:42","guid":{"rendered":"https:\/\/diarioelfederaense.com.ar\/?p=3023"},"modified":"2025-05-09T09:56:43","modified_gmt":"2025-05-09T12:56:43","slug":"jurado-popular-declaro-no-culpables-a-dos-acusados-por-delitos-contra-la-integridad-sexual","status":"publish","type":"post","link":"https:\/\/diarioelfederaense.com.ar\/?p=3023","title":{"rendered":"Jurado popular declar\u00f3 no culpables a dos acusados por delitos contra la integridad sexual"},"content":{"rendered":"\n<p>El cent\u00e9simo vig\u00e9simo sexto juicio por jurados que se realiz\u00f3 en la provincia desde la entrada en vigencia de este sistema de juzgamiento penal y tuvo su desarrollo en Federaci\u00f3n, cerr\u00f3 el plenario con un veredicto de no culpabilidad respecto de los dos acusados. El veredicto se conoci\u00f3 este jueves por la tarde. El debate presidido por Germ\u00e1n Dri, se realiz\u00f3 en el Centro C\u00edvico de Federaci\u00f3n.<\/p>\n\n\n\n<p><\/p>\n\n\n\n<p>Este jueves por la tarde, 12 ciudadanos\/as que integraron el jurado popular en el juicio llevado a cabo en Federaci\u00f3n, emitieron un veredicto de no culpabilidad para los acusados N.U. y C.A.C.&nbsp; Tras el veredicto, el juez t\u00e9cnico y Vocal del Tribunal de Juicio y Apelaciones de Concordia, Germ\u00e1n Dri, declar\u00f3 la absoluci\u00f3n de ambos y dispuso la libertad de C.A.C. quien se encontraba con prisi\u00f3n preventiva.&nbsp; Fue en el legajo \u201cC.A.C-N.U. s\/Abuso sexual con acceso carnal agravado\u201d.<\/p>\n\n\n\n<p>El debate se realiz\u00f3 en el Centro C\u00edvico de Federaci\u00f3n. Intervinieron en representaci\u00f3n del Ministerio P\u00fablico Fiscal Luciana Musuliotis y Mario Guerrero, mientras que Pedro Front\u00e1n particip\u00f3 por el Ministerio Pupilar.<\/p>\n\n\n\n<p>El imputado C.A.C. fue asistido por el defensor oficial Joaqu\u00edn Garaycoechea, en tanto que el abogado Gustavo Rader ejerci\u00f3 la defensa t\u00e9cnica de N.U.<\/p>\n\n\n\n<p>Este fue el cent\u00e9simo vig\u00e9simo sexto juicio por jurados que se realiz\u00f3 en la provincia desde la entrada en vigencia de este sistema de juzgamiento penal<\/p>\n\n\n\n<p>&nbsp;Por tratarse la denuncia de un presunto delito contra la integridad sexual, el juicio se realiz\u00f3 a puertas cerradas. (APFDigital)<\/p>\n","protected":false},"excerpt":{"rendered":"<p>El cent\u00e9simo vig\u00e9simo sexto juicio por jurados que se realiz\u00f3 en la provincia desde la entrada en vigencia de este sistema de juzgamiento penal y tuvo su desarrollo en Federaci\u00f3n, cerr\u00f3 el plenario con un veredicto de no culpabilidad respecto de los dos acusados. El veredicto se conoci\u00f3 este jueves por la tarde. El debate [&hellip;]<\/p>\n","protected":false},"author":2,"featured_media":3024,"comment_status":"closed","ping_status":"closed","sticky":false,"template":"","format":"standard","meta":{"_et_pb_use_builder":"","_et_pb_old_content":"","footnotes":""},"categories":[1],"tags":[],"class_list":["post-3023","post","type-post","status-publish","format-standard","has-post-thumbnail","hentry","category-sin-categoria"],"_links":{"self":[{"href":"https:\/\/diarioelfederaense.com.ar\/index.php?rest_route=\/wp\/v2\/posts\/3023"}],"collection":[{"href":"https:\/\/diarioelfederaense.com.ar\/index.php?rest_route=\/wp\/v2\/posts"}],"about":[{"href":"https:\/\/diarioelfederaense.com.ar\/index.php?rest_route=\/wp\/v2\/types\/post"}],"author":[{"embeddable":true,"href":"https:\/\/diarioelfederaense.com.ar\/index.php?rest_route=\/wp\/v2\/users\/2"}],"replies":[{"embeddable":true,"href":"https:\/\/diarioelfederaense.com.ar\/index.php?rest_route=%2Fwp%2Fv2%2Fcomments&post=3023"}],"version-history":[{"count":1,"href":"https:\/\/diarioelfederaense.com.ar\/index.php?rest_route=\/wp\/v2\/posts\/3023\/revisions"}],"predecessor-version":[{"id":3025,"href":"https:\/\/diarioelfederaense.com.ar\/index.php?rest_route=\/wp\/v2\/posts\/3023\/revisions\/3025"}],"wp:featuredmedia":[{"embeddable":true,"href":"https:\/\/diarioelfederaense.com.ar\/index.php?rest_route=\/wp\/v2\/media\/3024"}],"wp:attachment":[{"href":"https:\/\/diarioelfederaense.com.ar\/index.php?rest_route=%2Fwp%2Fv2%2Fmedia&parent=3023"}],"wp:term":[{"taxonomy":"category","embeddable":true,"href":"https:\/\/diarioelfederaense.com.ar\/index.php?rest_route=%2Fwp%2Fv2%2Fcategories&post=3023"},{"taxonomy":"post_tag","embeddable":true,"href":"https:\/\/diarioelfederaense.com.ar\/index.php?rest_route=%2Fwp%2Fv2%2Ftags&post=3023"}],"curies":[{"name":"wp","href":"https:\/\/api.w.org\/{rel}","templated":true}]}}