{"id":10632,"date":"2026-09-05T17:29:15","date_gmt":"2026-09-05T20:29:15","guid":{"rendered":"https:\/\/diarioelfederaense.com.ar\/?p=10632"},"modified":"2026-09-05T17:29:16","modified_gmt":"2026-09-05T20:29:16","slug":"juira-milei-tractorazo-de-yerbateros-en-misiones-durante-la-visita-de-milei-estamos-desprotegidos-y-a-la-deriva","status":"publish","type":"post","link":"https:\/\/diarioelfederaense.com.ar\/?p=10632","title":{"rendered":"JUIRA MILEI!!! Tractorazo de yerbateros en Misiones durante la visita de Milei: \u00abEstamos desprotegidos y a la deriva\u00bb"},"content":{"rendered":"\n<p>Productores yerbateros, tealeros y tabacaleros realizaron una caravana con tractores y camiones en San Vicente el viernes pasado, para reclamar medidas ante la situaci\u00f3n que atraviesa el sector. Cuestionaron los precios de la producci\u00f3n y el fuerte incremento de los costos.<\/p>\n\n\n\n<p>El tractorazo de yerbateros en Misiones reuni\u00f3 en la localidad de San Vicente a productores que se movilizaron para reclamar medidas al Gobierno nacional, en coincidencia con la visita del presidente Javier Milei a Puerto Iguaz\u00fa el viernes pasado. La protesta se desarroll\u00f3 sobre las rutas nacionales 12 y 101.<\/p>\n\n\n\n<p>De acuerdo con el Diario Digital Conclusi\u00f3n, de la movilizaci\u00f3n participaron productores yerbateros, tealeros y tabacaleros, quienes utilizaron tractores y camiones para visibilizar la situaci\u00f3n que atraviesan las econom\u00edas regionales. Durante la jornada, Gendarmer\u00eda y Polic\u00eda Federal implementaron controles en los accesos de Wanda y Colonia Esperanza.<\/p>\n\n\n\n<p>La protesta coincidi\u00f3 con la presencia de Milei en Puerto Iguaz\u00fa, donde el mandatario particip\u00f3 del cierre de la 47\u00aa Convenci\u00f3n Anual del Instituto Argentino de Ejecutivos de Finanzas (IAEF).<\/p>\n\n\n\n<p>Reclamo por los precios y los costos<\/p>\n\n\n\n<p>Uno de los principales cuestionamientos del sector est\u00e1 relacionado con los cambios introducidos a partir del DNU 70\/2023 y sus efectos sobre el Instituto Nacional de la Yerba Mate (INYM). Los productores aseguran que el kilo de hoja verde se mantiene entre $250 y $280, valores similares a los registrados a fines del a\u00f1o pasado.<\/p>\n\n\n\n<p>En paralelo, denunciaron importantes incrementos en los costos de producci\u00f3n. Seg\u00fan indicaron, los combustibles registraron subas de hasta un 400%, mientras que determinados insumos esenciales aumentaron alrededor de un 300%.<\/p>\n\n\n\n<p>El dirigente yerbatero Jorge Skripczuk ejemplific\u00f3 la situaci\u00f3n con el precio del gasoil: asegur\u00f3 que pas\u00f3 de $380 pesos por litro en 2023 a unos $2.300 actualmente. Adem\u00e1s, se\u00f1al\u00f3 que el costo de cosecha lleg\u00f3 a los $79.000 por tonelada, reduciendo los m\u00e1rgenes de rentabilidad.<\/p>\n\n\n\n<p>Frente a este escenario, los productores sostuvieron que la actividad primaria qued\u00f3 \u00abdesprotegida y a la deriva\u00bb y reclamaron medidas que permitan recuperar rentabilidad y garantizar la continuidad de las explotaciones.<\/p>\n","protected":false},"excerpt":{"rendered":"<p>Productores yerbateros, tealeros y tabacaleros realizaron una caravana con tractores y camiones en San Vicente el viernes pasado, para reclamar medidas ante la situaci\u00f3n que atraviesa el sector. Cuestionaron los precios de la producci\u00f3n y el fuerte incremento de los costos. El tractorazo de yerbateros en Misiones reuni\u00f3 en la localidad de San Vicente a [&hellip;]<\/p>\n","protected":false},"author":2,"featured_media":10633,"comment_status":"closed","ping_status":"closed","sticky":false,"template":"","format":"standard","meta":{"_et_pb_use_builder":"","_et_pb_old_content":"","footnotes":""},"categories":[1],"tags":[],"class_list":["post-10632","post","type-post","status-publish","format-standard","has-post-thumbnail","hentry","category-sin-categoria"],"_links":{"self":[{"href":"https:\/\/diarioelfederaense.com.ar\/index.php?rest_route=\/wp\/v2\/posts\/10632"}],"collection":[{"href":"https:\/\/diarioelfederaense.com.ar\/index.php?rest_route=\/wp\/v2\/posts"}],"about":[{"href":"https:\/\/diarioelfederaense.com.ar\/index.php?rest_route=\/wp\/v2\/types\/post"}],"author":[{"embeddable":true,"href":"https:\/\/diarioelfederaense.com.ar\/index.php?rest_route=\/wp\/v2\/users\/2"}],"replies":[{"embeddable":true,"href":"https:\/\/diarioelfederaense.com.ar\/index.php?rest_route=%2Fwp%2Fv2%2Fcomments&post=10632"}],"version-history":[{"count":1,"href":"https:\/\/diarioelfederaense.com.ar\/index.php?rest_route=\/wp\/v2\/posts\/10632\/revisions"}],"predecessor-version":[{"id":10634,"href":"https:\/\/diarioelfederaense.com.ar\/index.php?rest_route=\/wp\/v2\/posts\/10632\/revisions\/10634"}],"wp:featuredmedia":[{"embeddable":true,"href":"https:\/\/diarioelfederaense.com.ar\/index.php?rest_route=\/wp\/v2\/media\/10633"}],"wp:attachment":[{"href":"https:\/\/diarioelfederaense.com.ar\/index.php?rest_route=%2Fwp%2Fv2%2Fmedia&parent=10632"}],"wp:term":[{"taxonomy":"category","embeddable":true,"href":"https:\/\/diarioelfederaense.com.ar\/index.php?rest_route=%2Fwp%2Fv2%2Fcategories&post=10632"},{"taxonomy":"post_tag","embeddable":true,"href":"https:\/\/diarioelfederaense.com.ar\/index.php?rest_route=%2Fwp%2Fv2%2Ftags&post=10632"}],"curies":[{"name":"wp","href":"https:\/\/api.w.org\/{rel}","templated":true}]}}