{"id":10620,"date":"2026-09-05T17:11:46","date_gmt":"2026-09-05T20:11:46","guid":{"rendered":"https:\/\/diarioelfederaense.com.ar\/?p=10620"},"modified":"2026-09-05T17:11:47","modified_gmt":"2026-09-05T20:11:47","slug":"liga-de-mayores-fecha-5","status":"publish","type":"post","link":"https:\/\/diarioelfederaense.com.ar\/?p=10620","title":{"rendered":"LIGA DE MAYORES | FECHA 5"},"content":{"rendered":"\n<p>SOCIAL SE HIZO FUERTE EN CASA<\/p>\n\n\n\n<p>Club Social y Deportivo Federaci\u00f3n consigui\u00f3 una importante victoria como local en la quinta fecha de la Liga de Mayores. El Celeste derrot\u00f3 85 a 78 a San Jos\u00e9, en un partido intenso y que tuvo momentos de mucha paridad.<\/p>\n\n\n\n<p>Social tom\u00f3 el control desde el comienzo y cerr\u00f3 el primer tiempo con ventaja. Los parciales fueron 20-16, 25-16, 16-27 y 24-19.<\/p>\n\n\n\n<p>La visita reaccion\u00f3 con fuerza en el tercer cuarto y logr\u00f3 acercarse en el marcador, pero Social volvi\u00f3 a tomar las riendas en el \u00faltimo per\u00edodo para asegurar un triunfo trabajado ante un duro San Jos\u00e9.<\/p>\n\n\n\n<p><img loading=\"lazy\" decoding=\"async\" height=\"16\" width=\"16\" alt=\"\u2b50\" src=\"https:\/\/static.xx.fbcdn.net\/images\/emoji.php\/v9\/tb4\/1\/16\/2b50.png\"> La figura del partido fue Gast\u00f3n Langenheim, quien alcanz\u00f3 una valoraci\u00f3n personal de 31 y aport\u00f3 21 puntos, siendo el m\u00e1ximo anotador del conjunto local.<\/p>\n\n\n\n<p>Tambi\u00e9n tuvo una destacada actuaci\u00f3n Agust\u00edn Canaves, con 28 de valoraci\u00f3n y 20 puntos y Lahuel Silva con 20 puntos<\/p>\n\n\n\n<p><img loading=\"lazy\" decoding=\"async\" height=\"16\" width=\"16\" alt=\"\ud83d\udcc5\" src=\"https:\/\/static.xx.fbcdn.net\/images\/emoji.php\/v9\/t7e\/1\/16\/1f4c5.png\"> PR\u00d3XIMA FECHA<\/p>\n\n\n\n<p>El viernes 11 visitar\u00e1 a capuchinos en Concordia.<\/p>\n\n\n\n<p>Social volver\u00e1 a jugar en condici\u00f3n de local el pr\u00f3ximo 18 de septiembre, cuando reciba a Ferro de San Salvador.<\/p>\n\n\n\n<p><img loading=\"lazy\" decoding=\"async\" height=\"16\" width=\"16\" alt=\"\ud83c\udfc0\" src=\"https:\/\/static.xx.fbcdn.net\/images\/emoji.php\/v9\/tb8\/1\/16\/1f3c0.png\"> Social 85 &#8211; 78 San Jos\u00e9<\/p>\n\n\n\n<p>Parciales: 20-16 | 25-16 | 16-27 | 24-19<\/p>\n\n\n\n<p>Figura: Gast\u00f3n Langenheim, 31 de valoraci\u00f3n y 21 puntos.<\/p>\n","protected":false},"excerpt":{"rendered":"<p>SOCIAL SE HIZO FUERTE EN CASA Club Social y Deportivo Federaci\u00f3n consigui\u00f3 una importante victoria como local en la quinta fecha de la Liga de Mayores. El Celeste derrot\u00f3 85 a 78 a San Jos\u00e9, en un partido intenso y que tuvo momentos de mucha paridad. Social tom\u00f3 el control desde el comienzo y cerr\u00f3 [&hellip;]<\/p>\n","protected":false},"author":2,"featured_media":10621,"comment_status":"closed","ping_status":"closed","sticky":false,"template":"","format":"standard","meta":{"_et_pb_use_builder":"","_et_pb_old_content":"","footnotes":""},"categories":[1],"tags":[],"class_list":["post-10620","post","type-post","status-publish","format-standard","has-post-thumbnail","hentry","category-sin-categoria"],"_links":{"self":[{"href":"https:\/\/diarioelfederaense.com.ar\/index.php?rest_route=\/wp\/v2\/posts\/10620"}],"collection":[{"href":"https:\/\/diarioelfederaense.com.ar\/index.php?rest_route=\/wp\/v2\/posts"}],"about":[{"href":"https:\/\/diarioelfederaense.com.ar\/index.php?rest_route=\/wp\/v2\/types\/post"}],"author":[{"embeddable":true,"href":"https:\/\/diarioelfederaense.com.ar\/index.php?rest_route=\/wp\/v2\/users\/2"}],"replies":[{"embeddable":true,"href":"https:\/\/diarioelfederaense.com.ar\/index.php?rest_route=%2Fwp%2Fv2%2Fcomments&post=10620"}],"version-history":[{"count":1,"href":"https:\/\/diarioelfederaense.com.ar\/index.php?rest_route=\/wp\/v2\/posts\/10620\/revisions"}],"predecessor-version":[{"id":10622,"href":"https:\/\/diarioelfederaense.com.ar\/index.php?rest_route=\/wp\/v2\/posts\/10620\/revisions\/10622"}],"wp:featuredmedia":[{"embeddable":true,"href":"https:\/\/diarioelfederaense.com.ar\/index.php?rest_route=\/wp\/v2\/media\/10621"}],"wp:attachment":[{"href":"https:\/\/diarioelfederaense.com.ar\/index.php?rest_route=%2Fwp%2Fv2%2Fmedia&parent=10620"}],"wp:term":[{"taxonomy":"category","embeddable":true,"href":"https:\/\/diarioelfederaense.com.ar\/index.php?rest_route=%2Fwp%2Fv2%2Fcategories&post=10620"},{"taxonomy":"post_tag","embeddable":true,"href":"https:\/\/diarioelfederaense.com.ar\/index.php?rest_route=%2Fwp%2Fv2%2Ftags&post=10620"}],"curies":[{"name":"wp","href":"https:\/\/api.w.org\/{rel}","templated":true}]}}