{"id":10617,"date":"2026-09-05T17:04:33","date_gmt":"2026-09-05T20:04:33","guid":{"rendered":"https:\/\/diarioelfederaense.com.ar\/?p=10617"},"modified":"2026-09-05T17:04:33","modified_gmt":"2026-09-05T20:04:33","slug":"urribarri-aguilera-y-baez-se-encuentran-detenidos-en-la-unidad-penal-de-parana-pero-irian-a-gualeguaychu","status":"publish","type":"post","link":"https:\/\/diarioelfederaense.com.ar\/?p=10617","title":{"rendered":"Urribarri, Aguilera y B\u00e1ez se encuentran detenidos en la Unidad Penal de Paran\u00e1 pero ir\u00edan a Gualeguaych\u00fa"},"content":{"rendered":"\n<p>El exgobernador Sergio Daniel Urribarri, su cu\u00f1ado Juan Pablo Aguilera y el exministro de Cultura y Comunicaci\u00f3n, Pedro \u00c1ngel B\u00e1ez, pasaron la noche en la Alcaid\u00eda de Paran\u00e1 y a las 10 de la ma\u00f1ana ingresaron a la Unidad Penal N\u00b0 1 de la capital provincial. Estar\u00e1n este s\u00e1bado en la celda de Admisi\u00f3n de la c\u00e1rcel, por la revisi\u00f3n m\u00e9dica que se le debe hacer a cada uno.<\/p>\n\n\n\n<p>El exgobernador Sergio Daniel Urribarri, su cu\u00f1ado Juan Pablo Aguilera y el exministro de Cultura y Comunicaci\u00f3n, Pedro \u00c1ngel B\u00e1ez, pasaron la noche en la Alcaid\u00eda de Paran\u00e1 y a las 10 de la ma\u00f1ana ingresaron a la Unidad Penal N\u00b0 1 de la capital provincial. Estar\u00e1n este s\u00e1bado en la celda de Admisi\u00f3n de la c\u00e1rcel, por la revisi\u00f3n m\u00e9dica que se le debe hacer a cada uno.<\/p>\n\n\n\n<p>Se debate si luego se derivan al Pabell\u00f3n de Seguridad de la c\u00e1rcel, donde se encuentran alojados los exintegrantes de la Polic\u00eda de Entre R\u00edos y otras fuerzas de seguridad y armadas, vinculadas a diferentes delitos o bien a un sector de celdas especiales, seg\u00fan se confirm\u00f3 a Analisis.<\/p>\n\n\n\n<p>Mientras tanto, el abogado de Urribarri, Leopoldo Cappa, solicit\u00f3 al mediod\u00eda, a la jueza de Ejecuci\u00f3n Penal, Cecilia B\u00e9rtora, que su defendido sea derivado a la Unidad Penal de Gualeguaych\u00fa, en el entendimiento de que en la capital entrerriana \u00abno se puede garantizar la seguridad\u00bb del exmandatario. La familia de Urribarri dio su consentimiento y lo propio suceder\u00eda con Baez y Aguilera.<\/p>\n\n\n\n<p>En el Pabell\u00f3n de Seguridad hay un total de 40 presos, entre los cuales se encuentran expolic\u00edas, que cumpl\u00edan funciones en tiempos en que Urribarri era gobernador. El preso m\u00e1s resonante de ese lugar, de las \u00faltimas semanas, es el abogado y comisario Daniel Rosatelli, por decisi\u00f3n del Juzgado Federal de Paran\u00e1, en una causa vinculada al narcotr\u00e1fico. Tambi\u00e9n se encuentra all\u00ed Orlando Ojeda, de Prefectura Naval, condenado por doble feminicidio.<\/p>\n\n\n\n<p>Anoche, B\u00e1ez fue el primero ingresar a la Alcaid\u00eda, donde pasaron la noche. Lo hizo a las 21:40, despu\u00e9s de llegar en un cami\u00f3n penitenciario. Luego ingres\u00f3 Aguilera y cerca de las 2 de la madrugada lleg\u00f3 Urribarri, seg\u00fan confirm\u00f3 An\u00e1lisis. B\u00e1ez ingres\u00f3 por calle C\u00f3rdoba. Urribarri y Aguilera, por su parte, llegaron en diferentes patrulleros. El primero en un patrullero de San Salvador -cerca de la 1 de la madrugada- y Urribarri desde Concordia, acompa\u00f1ado por el jefe departamental, comisario Jos\u00e9 Mar\u00eda Rosatelli. Estos dos m\u00f3viles policiales ingresaron por el port\u00f3n del garage que tienen los miembros del Superior Tribunal de Justicia, en calle Santa Fe (al lado de la playa de estacionamiento del Colegio de Abogados). Ese lugar tiene acceso a la Alcaid\u00eda, hasta donde fue trasladado cada uno a medida que iban ingresando.<\/p>\n\n\n\n<p>Minutos antes que llegara B\u00e1ez fueron derivados tres presos que estaban en la Alcaid\u00eda (uno de ellos debe declarar esta ma\u00f1ana) a la Comisar\u00eda Quinta de Paran\u00e1, para que no haya ning\u00fan detenido con ellos en el sector. Son seis celdas individuales, de no m\u00e1s de 3 x 2 metros, con una cucheta de madera. Desde ese lugar, cada preso solamente se puede mover hasta el ba\u00f1o -con acompa\u00f1amiento policial- y regresar a su reducido habit\u00e1culo.<\/p>\n\n\n\n<p>La medida fue ordenada por el Tribunal de Juicios y Apelaciones y est\u00e1 enmarcada luego que la Corte Suprema de Justicia de la Naci\u00f3n desestim\u00f3 -fue el jueves 3 de septiembre- los recursos extraordinarios que hab\u00edan presentado el exgobernador Sergio Urribarri, el exministro de Cultura y Comunicaci\u00f3n Pedro B\u00e1ez y el cu\u00f1ado del exmandatario, Juan Pablo Aguilera, y dej\u00f3 firme la condena que la Justicia entrerriana les impuso en la Megacausa por delitos de corrupci\u00f3n. En la misma resoluci\u00f3n, dictada en el expediente CSJ 2226\/2024, el m\u00e1ximo tribunal rechaz\u00f3 tambi\u00e9n los planteos de Gerardo Caruso, Corina Cargnel, Emiliano Giacopuzzi y Luciana Almada, con lo que la totalidad de las condenas del megajuicio qued\u00f3 firme. Desde el Ministerio P\u00fablico Fiscal solicitaron la \u201cdetenci\u00f3n inmediata\u201d de los tres condenados por \u201cposible peligro de fuga\u201d.<\/p>\n\n\n\n<p>Los tres detenidos fueron derivados a la UP1 en horas de la ma\u00f1ana y luego la jueza de Ejecuci\u00f3n y Medidas de Seguridad, Cecilia B\u00e9rtora, tendr\u00e1 que resolver cada uno de los planteos que hagan los abogados defensores, si es que requieren un beneficio de prisi\u00f3n domiciliaria, como ya han gestionado en otras instancias. El punto en cuesti\u00f3n ahora es que el sector especial donde estuvieron alojados antes en la UP1 ya no existe como tal y est\u00e1 en refacciones para ser destinado a Enfermer\u00eda.<\/p>\n\n\n\n<p>Por estas horas se estaba debatiendo en \u00e1mbitos de la UP1 si los sumaban al denominado Pabell\u00f3n de Seguridad -donde se encuentran condenados provenientes de Fuerzas de Seguridad y Fuerzas Armadas-, o van a celdas especiales o bien se los deriva a la c\u00e1rcel de Gualeguaych\u00fa, que tiene espacio para incorporarlos (ver nota aparte).<\/p>\n\n\n\n<p>Anoche, B\u00e1ez ingres\u00f3 aproximadamente 21.40 a la Alcaid\u00eda de Tribunales, por calle C\u00f3rdoba, en un cami\u00f3n de \u00abUnidad de traslado\u00bb, como reza en el veh\u00edculo penitenciario. Aguilera se notific\u00f3 casi una hora despu\u00e9s en la Jefatura Departamental de San Salvador (aunque estaba con domicilio en General Campos) y desde all\u00ed fue derivado a Paran\u00e1. Urribarri fue notificado en su casa de Garat de calle Concordia por el propio jefe departamental, comisario Jos\u00e9 Mar\u00eda Rosatelli (hermano del abogado y oficial que se encuentra detenido en la UP1 en una causa federal). El comisario Rosatelli ya lo hab\u00eda acompa\u00f1ado a Urribarri la vez anterior que estuvo detenido.<\/p>\n\n\n\n<p>En principio, los tres condenados quedar\u00edan cumpliendo la condena en Paran\u00e1. Baez tiene su familia en la capital entrerriana. Los familiares directos de Urribarri y Aguilera se encuentran en Concordia y General Campos (la exmujer y sus hijos tambi\u00e9n), pero la Unidad Penal de Concordia no estar\u00eda en condiciones de contar con una c\u00e1rcel especial para alojarlos. La \u00fanica con esas caracter\u00edsticas -adem\u00e1s de la de Paran\u00e1-, puede ser la Unidad Penal de Gualeguaych\u00fa, que ser\u00eda la \u00fanica c\u00e1rcel m\u00e1s abierta y amplia y con un sector especial para mayores, donde pueden ser derivados.<\/p>\n\n\n\n<p>Los abogados defensores de Urribarri -Leopoldo Cappa- y B\u00e1ez -Ignacio D\u00edaz y Jos\u00e9 Vel\u00e1zquez- hab\u00edan pedido al Tribunal de Juicios y Apelaciones de Paran\u00e1 (que preside la vocal Mar\u00eda Carolina Castagno) que sus defendidos no sean enviados a la Unidad Penal y en cambio se les aplique prisi\u00f3n domiciliaria. Por el contrario, los fiscales Patricia Yedro y Gonzalo Badano solicitaron formalmente que se disponga \u201cla inmediata detenci\u00f3n y traslado a la Unidad Penal N\u00b0 1 de la ciudad de Paran\u00e1\u201d.<\/p>\n\n\n\n<p>La defensa de Urribarri hab\u00eda planteado que nunca eludi\u00f3 la acci\u00f3n de la justicia y siempre estuvo a disposici\u00f3n del debido proceso. Adem\u00e1s, aportaron un diagn\u00f3stico m\u00e9dico, donde constatan que \u201cse encuentra cursando un cuadro de trastorno de estr\u00e9s postraum\u00e1tico\u201d y, en consecuencia, piden la morigeraci\u00f3n de la ejecuci\u00f3n penal en su domicilio y \u201cbajo la custodia permanente y atenta de sus familiares y m\u00e9dicos de cabecera\u201d.<\/p>\n\n\n\n<p>En el caso de B\u00e1ez, sus defensores tambi\u00e9n pidieron morigerar la pena porque \u201cpadece un cuadro cr\u00f3nico con dolor abdominal y p\u00e9rdida de peso importante\u201d, y arrastra \u201cmolestias digestivas desde 2008, pero en el \u00faltimo a\u00f1o los s\u00edntomas empeoraron significativamente\u201d. Se\u00f1alaron que la Unidad Penal de Paran\u00e1 no garantiza condiciones de encarcelamiento que permitan tratar su enfermedad. \u201cLas c\u00e1rceles y, en particular la de Paran\u00e1, se caracterizan por el hacinamiento y malas condiciones edilicias. Por lo que, en este caso, entiendo que se aplica la Convenci\u00f3n Interamericana sobre Protecci\u00f3n de los Derechos Humanos de las Personas Mayores, aprobada por la ley 27360 del 2017, que viene a incorporar una perspectiva axiol\u00f3gica condicionante de las decisiones judiciales\u201d, se\u00f1alaron.<\/p>\n\n\n\n<p>De no acceder el tribunal a la domiciliaria, pidieron tambi\u00e9n como alternativa se disponga de un \u201cr\u00e9gimen de semidetenci\u00f3n\u201d para B\u00e1ez. \u201cEsta modalidad -plantearon- permitir\u00eda al Sr. Pedro \u00c1ngel B\u00e1ez permanecer en su domicilio fijado durante las horas del d\u00eda a fin de procurarse el tratamiento m\u00e9dico, la dieta estricta sin contaminaci\u00f3n cruzada, la medicaci\u00f3n adecuada y los controles de salud requeridos para evitar la degradaci\u00f3n irrecuperable de su organismo, pernoctando en el establecimiento penitenciario\u201d. Quien m\u00e1s preocupaci\u00f3n demostr\u00f3 ayer en \u00e1mbitos judiciales, para que se le otorgue a ambos la prisi\u00f3n domiciliaria \u00abpor cuestiones humanitarias\u00bb, fue la vocal del STJ, Claudia Mizawak, exabogada defensora de Urribarri a principios de 2000, cuando el entonces diputado provincial del PJ-Concordia fue denunciado por el irregular manejo de subsidios en la C\u00e1mara Baja provincial, en el per\u00edodo bustista 1995\/99. Luego Mizawak asumi\u00f3 primero como fiscal de Estado de Jorge Busti -al inicio de su tercera administraci\u00f3n, desde 2003- y luego como vocal del STJ, propuesta por el bustismo.<\/p>\n\n\n\n<p>Urribarri fue condenado el 7 de abril de 2022 a 8 a\u00f1os de c\u00e1rcel. B\u00e1ez y Aguilera, a 6 a\u00f1os y 6 meses de c\u00e1rcel cada uno. Anoche, en \u00e1mbitos de Casa de Gobierno, cuando se analizaba los pedidos de prisi\u00f3n domiciliaria, para mejor cuidado de los condenados y por cuestiones de seguridad, hubo cr\u00edticas en off que no pasaron las cuatro paredes. \u00abSi no se hubiera robado tanto en las gestiones que comandaron, si hubiese existido menos corrupci\u00f3n, tendr\u00edamos mejores c\u00e1rceles, mejores hospitales, mejores escuelas y rutas. Lo que le falta a cada lugar es lo que se robaron\u00bb, enfatiz\u00f3 un alto funcionario. (APFDigital)<\/p>\n","protected":false},"excerpt":{"rendered":"<p>El exgobernador Sergio Daniel Urribarri, su cu\u00f1ado Juan Pablo Aguilera y el exministro de Cultura y Comunicaci\u00f3n, Pedro \u00c1ngel B\u00e1ez, pasaron la noche en la Alcaid\u00eda de Paran\u00e1 y a las 10 de la ma\u00f1ana ingresaron a la Unidad Penal N\u00b0 1 de la capital provincial. Estar\u00e1n este s\u00e1bado en la celda de Admisi\u00f3n de [&hellip;]<\/p>\n","protected":false},"author":2,"featured_media":10618,"comment_status":"closed","ping_status":"closed","sticky":false,"template":"","format":"standard","meta":{"_et_pb_use_builder":"","_et_pb_old_content":"","footnotes":""},"categories":[1],"tags":[],"class_list":["post-10617","post","type-post","status-publish","format-standard","has-post-thumbnail","hentry","category-sin-categoria"],"_links":{"self":[{"href":"https:\/\/diarioelfederaense.com.ar\/index.php?rest_route=\/wp\/v2\/posts\/10617"}],"collection":[{"href":"https:\/\/diarioelfederaense.com.ar\/index.php?rest_route=\/wp\/v2\/posts"}],"about":[{"href":"https:\/\/diarioelfederaense.com.ar\/index.php?rest_route=\/wp\/v2\/types\/post"}],"author":[{"embeddable":true,"href":"https:\/\/diarioelfederaense.com.ar\/index.php?rest_route=\/wp\/v2\/users\/2"}],"replies":[{"embeddable":true,"href":"https:\/\/diarioelfederaense.com.ar\/index.php?rest_route=%2Fwp%2Fv2%2Fcomments&post=10617"}],"version-history":[{"count":1,"href":"https:\/\/diarioelfederaense.com.ar\/index.php?rest_route=\/wp\/v2\/posts\/10617\/revisions"}],"predecessor-version":[{"id":10619,"href":"https:\/\/diarioelfederaense.com.ar\/index.php?rest_route=\/wp\/v2\/posts\/10617\/revisions\/10619"}],"wp:featuredmedia":[{"embeddable":true,"href":"https:\/\/diarioelfederaense.com.ar\/index.php?rest_route=\/wp\/v2\/media\/10618"}],"wp:attachment":[{"href":"https:\/\/diarioelfederaense.com.ar\/index.php?rest_route=%2Fwp%2Fv2%2Fmedia&parent=10617"}],"wp:term":[{"taxonomy":"category","embeddable":true,"href":"https:\/\/diarioelfederaense.com.ar\/index.php?rest_route=%2Fwp%2Fv2%2Fcategories&post=10617"},{"taxonomy":"post_tag","embeddable":true,"href":"https:\/\/diarioelfederaense.com.ar\/index.php?rest_route=%2Fwp%2Fv2%2Ftags&post=10617"}],"curies":[{"name":"wp","href":"https:\/\/api.w.org\/{rel}","templated":true}]}}