{"id":10614,"date":"2026-09-04T18:06:42","date_gmt":"2026-09-04T21:06:42","guid":{"rendered":"https:\/\/diarioelfederaense.com.ar\/?p=10614"},"modified":"2026-09-04T18:06:43","modified_gmt":"2026-09-04T21:06:43","slug":"las-petroleras-que-nos-roban-el-petroleo-de-malvinas-se-les-rien-a-milei","status":"publish","type":"post","link":"https:\/\/diarioelfederaense.com.ar\/?p=10614","title":{"rendered":"LAS PETROLERAS QUE NOS ROBAN EL PETROLEO DE MALVINAS SE LES RIEN A MILEI"},"content":{"rendered":"\n<p>Las petroleras Rockhopper y Navitas Petroleum, responsables del proyecto Sea Lion en las Islas Malvinas, respondieron a las medidas anunciadas por el presidente Javier Milei y aseguraron que no esperan consecuencias materiales sobre el desarrollo del yacimiento.<\/p>\n\n\n\n<p>Las compa\u00f1\u00edas difundieron una declaraci\u00f3n conjunta luego de que el mandatario anunciara sanciones contra las empresas que participen de la explotaci\u00f3n de recursos naturales en las islas sin autorizaci\u00f3n de la Argentina.<\/p>\n\n\n\n<p>Las operadoras sostuvieron que continuar\u00e1n con el proyecto y remarcaron que las autorizaciones bajo las cuales trabajan permanecen vigentes.<\/p>\n\n\n\n<p>La respuesta lleg\u00f3 despu\u00e9s de la cadena nacional encabezada por Javier Milei, en la que el presidente anticip\u00f3 una serie de medidas destinadas a endurecer las sanciones contra compa\u00f1\u00edas vinculadas con actividades econ\u00f3micas en Malvinas sin autorizaci\u00f3n argentina.<\/p>\n\n\n\n<p>El mandatario argentino anunci\u00f3 que el Gobierno avanzar\u00e1 con la inhabilitaci\u00f3n para operar en territorio argentino de aquellas empresas involucradas, de manera directa o indirecta, en proyectos desarrollados en las islas.<\/p>\n\n\n\n<p>Sea Lion est\u00e1 ubicado en aguas del Atl\u00e1ntico Sur, a unos 220 kil\u00f3metros al norte de las Islas Malvinas, y constituye uno de los principales proyectos petroleros previstos en la zona.<\/p>\n\n\n\n<p>El emprendimiento todav\u00eda se encuentra en etapa de desarrollo y, en caso de avanzar hasta su fase productiva, implicar\u00eda la explotaci\u00f3n comercial de petr\u00f3leo a gran escala en el archipi\u00e9lago.<\/p>\n","protected":false},"excerpt":{"rendered":"<p>Las petroleras Rockhopper y Navitas Petroleum, responsables del proyecto Sea Lion en las Islas Malvinas, respondieron a las medidas anunciadas por el presidente Javier Milei y aseguraron que no esperan consecuencias materiales sobre el desarrollo del yacimiento. Las compa\u00f1\u00edas difundieron una declaraci\u00f3n conjunta luego de que el mandatario anunciara sanciones contra las empresas que participen [&hellip;]<\/p>\n","protected":false},"author":2,"featured_media":10615,"comment_status":"closed","ping_status":"closed","sticky":false,"template":"","format":"standard","meta":{"_et_pb_use_builder":"","_et_pb_old_content":"","footnotes":""},"categories":[1],"tags":[],"class_list":["post-10614","post","type-post","status-publish","format-standard","has-post-thumbnail","hentry","category-sin-categoria"],"_links":{"self":[{"href":"https:\/\/diarioelfederaense.com.ar\/index.php?rest_route=\/wp\/v2\/posts\/10614"}],"collection":[{"href":"https:\/\/diarioelfederaense.com.ar\/index.php?rest_route=\/wp\/v2\/posts"}],"about":[{"href":"https:\/\/diarioelfederaense.com.ar\/index.php?rest_route=\/wp\/v2\/types\/post"}],"author":[{"embeddable":true,"href":"https:\/\/diarioelfederaense.com.ar\/index.php?rest_route=\/wp\/v2\/users\/2"}],"replies":[{"embeddable":true,"href":"https:\/\/diarioelfederaense.com.ar\/index.php?rest_route=%2Fwp%2Fv2%2Fcomments&post=10614"}],"version-history":[{"count":1,"href":"https:\/\/diarioelfederaense.com.ar\/index.php?rest_route=\/wp\/v2\/posts\/10614\/revisions"}],"predecessor-version":[{"id":10616,"href":"https:\/\/diarioelfederaense.com.ar\/index.php?rest_route=\/wp\/v2\/posts\/10614\/revisions\/10616"}],"wp:featuredmedia":[{"embeddable":true,"href":"https:\/\/diarioelfederaense.com.ar\/index.php?rest_route=\/wp\/v2\/media\/10615"}],"wp:attachment":[{"href":"https:\/\/diarioelfederaense.com.ar\/index.php?rest_route=%2Fwp%2Fv2%2Fmedia&parent=10614"}],"wp:term":[{"taxonomy":"category","embeddable":true,"href":"https:\/\/diarioelfederaense.com.ar\/index.php?rest_route=%2Fwp%2Fv2%2Fcategories&post=10614"},{"taxonomy":"post_tag","embeddable":true,"href":"https:\/\/diarioelfederaense.com.ar\/index.php?rest_route=%2Fwp%2Fv2%2Ftags&post=10614"}],"curies":[{"name":"wp","href":"https:\/\/api.w.org\/{rel}","templated":true}]}}