{"id":10602,"date":"2026-09-03T16:47:39","date_gmt":"2026-09-03T19:47:39","guid":{"rendered":"https:\/\/diarioelfederaense.com.ar\/?p=10602"},"modified":"2026-09-03T16:47:40","modified_gmt":"2026-09-03T19:47:40","slug":"milei-fue-a-chile-y-reivindico-la-dictadura-de-pinochet","status":"publish","type":"post","link":"https:\/\/diarioelfederaense.com.ar\/?p=10602","title":{"rendered":"Milei fue a Chile y reivindic\u00f3 la dictadura de Pinochet"},"content":{"rendered":"\n<p>En el marco de un foro regional de derecha, el presidente argentino elogi\u00f3 \u201cel derrocamiento del comunista Allende\u201d y la pol\u00edtica econ\u00f3mica de la dictadura en el pa\u00eds vecino.<\/p>\n\n\n\n<p>El presidente Javier Milei hab\u00f3 en el Foro Madrid, una reuni\u00f3n de la ultraderecha que se realiz\u00f3 esta vez en Santiago de Chile. All\u00ed, el mandatario argentino eligi\u00f3 reivindicar el golpe de Estado encabezado por Augusto Pinochet contra Salvador Allende en 1973 que llev\u00f3 a una sangrienta dictadura de m\u00e1s de 17 a\u00f1os.<\/p>\n\n\n\n<p>\u201cChile es un lugar emblem\u00e1tico\u201d, lanz\u00f3 Milei para luego sostener que \u201ctras el derrocamiento del comunista Allende, Chile entr\u00f3 en un per\u00edodo de estabilidad y crecimiento que se extendi\u00f3 por m\u00e1s de 40 a\u00f1os\u201d.<\/p>\n\n\n\n<p>\u201cGracias a ellos, Chile fue, sin lugar a dudas, la envidia en t\u00e9rminos econ\u00f3micos de toda la regi\u00f3n\u201d, dijo.<\/p>\n\n\n\n<p>Relat\u00f3 que luego Chile \u201ccay\u00f3 en la farsa del socialismo del Siglo XXI como el resto de la regi\u00f3n\u201d, pero celebr\u00f3 que la ultraderecha lleg\u00f3 al poder con la victoria de Jos\u00e9 Antonio Kast, a quien defini\u00f3 como su amigo.<\/p>\n\n\n\n<p>En su discurso, Milei insisti\u00f3 en sus menciones a la izquierda como \u201cel mal\u201d, habl\u00f3 en reiteradas ocasiones de la Uni\u00f3n Sovi\u00e9tica y llam\u00f3 a que la derecha se organice. \u201cEsta es una batalla a nivel global\u201d, consider\u00f3 para luego pedir enfrentar al \u201cc\u00e1ncer de la izquierda\u201d.<\/p>\n\n\n\n<p>Aprovech\u00f3 para criticar al presidente del gobierno espa\u00f1ol, Pedro S\u00e1nchez, a la Internacional Socialista, al Foro de San Pablo y al \u201cestatismo y al comunismo\u201d.<\/p>\n\n\n\n<p>\u201cLamentablemente Europa, la cuna de nuestra civilizaci\u00f3n, est\u00e1 siendo gobernada en el plano nacional y supranacional por bur\u00f3cratas empecinados en destruir todo lo que somos\u201d, insisti\u00f3 para luego apuntarle a S\u00e1nchez: \u201cEst\u00e1 m\u00e1s sucio que una papa, y bien que se ofendi\u00f3 cuando \u00e9l y toda la gentuza que lo rodea, cuando le dije que era un gobierno de ladrones y parece que los hechos lo confirman\u201d.<\/p>\n\n\n\n<p>Palo para Macri<\/p>\n\n\n\n<p>Despu\u00e9s abund\u00f3 en repetir los supuestos \u00e9xitos de su gobierno y reiter\u00f3 que fue v\u00edctima de un intento de golpe en 2025. \u201cNuestro programa econ\u00f3mico est\u00e1 tan bien dise\u00f1ado que super\u00f3 todos sus embates\u201d, dijo.<\/p>\n\n\n\n<p>All\u00ed aprovech\u00f3 para arrojarle una cr\u00edtica a su \u00bfaliado? Mauricio Macri. Consider\u00f3 que \u201cel gobierno del Cambiemos sucumbi\u00f3 a la presi\u00f3n de la pol\u00edtica, tanto de la oposici\u00f3n como el extremo centro\u201d.<\/p>\n\n\n\n<p>Opin\u00f3 que Macri \u201cse dej\u00f3 correr por los que le tiraron catorce toneladas de piedra y por los presuntos aliados que suger\u00edan poner el freno de mano\u201d. Y complet\u00f3: \u201cNosotros no lo vamos a hacer, no vamos a ceder un \u00e1pice en ninguna de nuestras pol\u00edticas\u201d.<\/p>\n\n\n\n<p>El furcio de Milei<\/p>\n\n\n\n<p>El Presidente cometi\u00f3 un furcio durante su exposici\u00f3n y expres\u00f3 que su modelo econ\u00f3mico \u201cnunca\u201d funcion\u00f3.<\/p>\n\n\n\n<p>\u201cSi analizamos con un m\u00ednimo grado de honestidad y nos comparamos con los gobiernos anteriores, est\u00e1 claro que nunca nuestro modelo funcion\u00f3\u201d, dijo el mandatario argentino.<\/p>\n\n\n\n<p>De inmediato se corrigi\u00f3 al afirmar que \u201cest\u00e1 claro que nuestro modelo funciona y que vamos por el rumbo correcto\u201d para luego continuar con su presentaci\u00f3n en el encuentro internacional.<\/p>\n\n\n\n<p>Luego calific\u00f3 de \u201czurdos mugrosos negadores de la realidad\u201d a quienes denuncian la crisis que atraviesan la mayor\u00eda de los sectores econ\u00f3micos en la Argentina.<\/p>\n","protected":false},"excerpt":{"rendered":"<p>En el marco de un foro regional de derecha, el presidente argentino elogi\u00f3 \u201cel derrocamiento del comunista Allende\u201d y la pol\u00edtica econ\u00f3mica de la dictadura en el pa\u00eds vecino. El presidente Javier Milei hab\u00f3 en el Foro Madrid, una reuni\u00f3n de la ultraderecha que se realiz\u00f3 esta vez en Santiago de Chile. All\u00ed, el mandatario [&hellip;]<\/p>\n","protected":false},"author":2,"featured_media":10603,"comment_status":"closed","ping_status":"closed","sticky":false,"template":"","format":"standard","meta":{"_et_pb_use_builder":"","_et_pb_old_content":"","footnotes":""},"categories":[1],"tags":[],"class_list":["post-10602","post","type-post","status-publish","format-standard","has-post-thumbnail","hentry","category-sin-categoria"],"_links":{"self":[{"href":"https:\/\/diarioelfederaense.com.ar\/index.php?rest_route=\/wp\/v2\/posts\/10602"}],"collection":[{"href":"https:\/\/diarioelfederaense.com.ar\/index.php?rest_route=\/wp\/v2\/posts"}],"about":[{"href":"https:\/\/diarioelfederaense.com.ar\/index.php?rest_route=\/wp\/v2\/types\/post"}],"author":[{"embeddable":true,"href":"https:\/\/diarioelfederaense.com.ar\/index.php?rest_route=\/wp\/v2\/users\/2"}],"replies":[{"embeddable":true,"href":"https:\/\/diarioelfederaense.com.ar\/index.php?rest_route=%2Fwp%2Fv2%2Fcomments&post=10602"}],"version-history":[{"count":1,"href":"https:\/\/diarioelfederaense.com.ar\/index.php?rest_route=\/wp\/v2\/posts\/10602\/revisions"}],"predecessor-version":[{"id":10604,"href":"https:\/\/diarioelfederaense.com.ar\/index.php?rest_route=\/wp\/v2\/posts\/10602\/revisions\/10604"}],"wp:featuredmedia":[{"embeddable":true,"href":"https:\/\/diarioelfederaense.com.ar\/index.php?rest_route=\/wp\/v2\/media\/10603"}],"wp:attachment":[{"href":"https:\/\/diarioelfederaense.com.ar\/index.php?rest_route=%2Fwp%2Fv2%2Fmedia&parent=10602"}],"wp:term":[{"taxonomy":"category","embeddable":true,"href":"https:\/\/diarioelfederaense.com.ar\/index.php?rest_route=%2Fwp%2Fv2%2Fcategories&post=10602"},{"taxonomy":"post_tag","embeddable":true,"href":"https:\/\/diarioelfederaense.com.ar\/index.php?rest_route=%2Fwp%2Fv2%2Ftags&post=10602"}],"curies":[{"name":"wp","href":"https:\/\/api.w.org\/{rel}","templated":true}]}}